{"id":341700,"date":"2024-10-31T16:46:44","date_gmt":"2024-10-31T13:46:44","guid":{"rendered":"https:\/\/sana.sy\/es\/?p=341700"},"modified":"2024-10-31T16:46:44","modified_gmt":"2024-10-31T13:46:44","slug":"bombardeos-israelies-contra-el-libano-matan-a-13-libaneses-incluidos-6-paramedicos","status":"publish","type":"post","link":"https:\/\/archive.sana.sy\/es\/?p=341700","title":{"rendered":"Bombardeos israel\u00edes contra el L\u00edbano matan a 13 libaneses, incluidos 6 param\u00e9dicos"},"content":{"rendered":"<p style=\"text-align: justify;\"><span style=\"color: #800000;\"><strong>Beirut, 31 oct (SANA)<\/strong><\/span> Trece libaneses, entre ellos seis param\u00e9dicos, murieron hoy y otros resultaron heridos tras una serie de ataques de los aviones de combate israel\u00edes contra localidades y centros de salud en varias regiones del L\u00edbano.<\/p>\n<p style=\"text-align: justify;\"><img loading=\"lazy\" decoding=\"async\" class=\"size-medium wp-image-341702 alignright\" src=\"http:\/\/sana.sy\/es\/wp-content\/uploads\/2024\/10\/Bombardeos-israelies-contra-el-Libano-matan-a-13-libaneses-incluidos-6-paramedicos0-300x278.jpeg\" alt=\"\" width=\"300\" height=\"278\" srcset=\"https:\/\/archive.sana.sy\/es\/wp-content\/uploads\/2024\/10\/Bombardeos-israelies-contra-el-Libano-matan-a-13-libaneses-incluidos-6-paramedicos0-300x278.jpeg 300w, https:\/\/archive.sana.sy\/es\/wp-content\/uploads\/2024\/10\/Bombardeos-israelies-contra-el-Libano-matan-a-13-libaneses-incluidos-6-paramedicos0-1024x950.jpeg 1024w, https:\/\/archive.sana.sy\/es\/wp-content\/uploads\/2024\/10\/Bombardeos-israelies-contra-el-Libano-matan-a-13-libaneses-incluidos-6-paramedicos0-150x139.jpeg 150w, https:\/\/archive.sana.sy\/es\/wp-content\/uploads\/2024\/10\/Bombardeos-israelies-contra-el-Libano-matan-a-13-libaneses-incluidos-6-paramedicos0-768x712.jpeg 768w, https:\/\/archive.sana.sy\/es\/wp-content\/uploads\/2024\/10\/Bombardeos-israelies-contra-el-Libano-matan-a-13-libaneses-incluidos-6-paramedicos0.jpeg 1280w\" sizes=\"(max-width: 300px) 100vw, 300px\" \/><\/p>\n<p style=\"text-align: justify;\">La Agencia Nacional Libanesa de Noticias inform\u00f3 por medio de un comunicado, que \u201cel enemigo israel\u00ed atac\u00f3 un punto de defensa civil en el cruce de Dardaghiya, lo que provoc\u00f3 la muerte de cuatro param\u00e9dicos.<\/p>\n<p style=\"text-align: justify;\">Tambi\u00e9n atac\u00f3 un segundo punto en la ciudad de Sela, provocando la quema de un veh\u00edculo mientras que los param\u00e9dicos sobrevivieron milagrosamente.<\/p>\n<p style=\"text-align: justify;\">Po otro lado, un ataque israel\u00ed tuvo como blanco a un veh\u00edculo de defensa civil en Deir Al-Zahrani, lo que provoc\u00f3 la muerte de un param\u00e9dico, heridas a otras dos personas y el incendio del veh\u00edculo.<\/p>\n<p style=\"text-align: justify;\">Asimismo, un dron sionista atac\u00f3 un centro de defensa civil en Kafr Sir, lo que provoc\u00f3 la muerte de un param\u00e9dico y heridas a otras dos personas.<\/p>\n<p style=\"text-align: justify;\">El n\u00famero total de param\u00e9dicos muertos desde el inicio de la agresi\u00f3n aument\u00f3 a 178 mientras otros 279 resultaron heridos y el n\u00famero de veh\u00edculos atacados fue 246.<\/p>\n<p style=\"text-align: justify;\">fm\/sm<\/p>\n","protected":false},"excerpt":{"rendered":"<p>Beirut, 31 oct (SANA) Trece libaneses, entre ellos seis param\u00e9dicos, murieron hoy y otros resultaron heridos tras una serie de ataques de los aviones de combate israel\u00edes contra localidades y centros de salud en varias regiones del L\u00edbano. La Agencia Nacional Libanesa de Noticias inform\u00f3 por medio de un comunicado, que \u201cel enemigo israel\u00ed atac\u00f3 &hellip;<\/p>\n","protected":false},"author":39,"featured_media":341701,"comment_status":"closed","ping_status":"closed","sticky":false,"template":"","format":"standard","meta":{"footnotes":""},"categories":[597,456,16687,20724,7541],"tags":[],"class_list":["post-341700","post","type-post","status-publish","format-standard","has-post-thumbnail","","category-cinta-de-noticias","category-arabe-internacional-politica","category-internacionales","category-minuto-a-minuto","category-ultimas-noticias"],"_links":{"self":[{"href":"https:\/\/archive.sana.sy\/es\/index.php?rest_route=\/wp\/v2\/posts\/341700"}],"collection":[{"href":"https:\/\/archive.sana.sy\/es\/index.php?rest_route=\/wp\/v2\/posts"}],"about":[{"href":"https:\/\/archive.sana.sy\/es\/index.php?rest_route=\/wp\/v2\/types\/post"}],"author":[{"embeddable":true,"href":"https:\/\/archive.sana.sy\/es\/index.php?rest_route=\/wp\/v2\/users\/39"}],"replies":[{"embeddable":true,"href":"https:\/\/archive.sana.sy\/es\/index.php?rest_route=%2Fwp%2Fv2%2Fcomments&post=341700"}],"version-history":[{"count":1,"href":"https:\/\/archive.sana.sy\/es\/index.php?rest_route=\/wp\/v2\/posts\/341700\/revisions"}],"predecessor-version":[{"id":341703,"href":"https:\/\/archive.sana.sy\/es\/index.php?rest_route=\/wp\/v2\/posts\/341700\/revisions\/341703"}],"wp:featuredmedia":[{"embeddable":true,"href":"https:\/\/archive.sana.sy\/es\/index.php?rest_route=\/wp\/v2\/media\/341701"}],"wp:attachment":[{"href":"https:\/\/archive.sana.sy\/es\/index.php?rest_route=%2Fwp%2Fv2%2Fmedia&parent=341700"}],"wp:term":[{"taxonomy":"category","embeddable":true,"href":"https:\/\/archive.sana.sy\/es\/index.php?rest_route=%2Fwp%2Fv2%2Fcategories&post=341700"},{"taxonomy":"post_tag","embeddable":true,"href":"https:\/\/archive.sana.sy\/es\/index.php?rest_route=%2Fwp%2Fv2%2Ftags&post=341700"}],"curies":[{"name":"wp","href":"https:\/\/api.w.org\/{rel}","templated":true}]}}