{"id":341748,"date":"2024-11-01T09:22:27","date_gmt":"2024-11-01T06:22:27","guid":{"rendered":"https:\/\/sana.sy\/es\/?p=341748"},"modified":"2024-11-01T09:24:21","modified_gmt":"2024-11-01T06:24:21","slug":"resistencia-iraqui-lanza-siete-ataques-contra-blancos-israelies-vitales-en-palestina-ocupada","status":"publish","type":"post","link":"https:\/\/archive.sana.sy\/es\/?p=341748","title":{"rendered":"Resistencia iraqu\u00ed lanza siete ataques contra blancos israel\u00edes vitales en Palestina ocupada"},"content":{"rendered":"<p style=\"text-align: justify;\"><span style=\"color: #800000;\"><strong>Bagdad, 1 no (SANA)<\/strong> <\/span>La resistencia en Irak anunci\u00f3 este jueves en dos comunicados la ejecuci\u00f3n de ataques con drones contra dos objetivos vitales israel\u00edes ubicados en el centro y sur de los territorios ocupados.<\/p>\n<p style=\"text-align: justify;\">Seg\u00fan su declaraci\u00f3n, las operaciones se llevaron a cabo en solidaridad con el pueblo de Palestina y L\u00edbano, y en respuesta a las masacres cometidas por \u201cIsrael\u201d contra civiles, incluidos ni\u00f1os, mujeres y ancianos.<\/p>\n<p style=\"text-align: justify;\">La resistencia iraqu\u00ed subray\u00f3 que continuar\u00e1 con sus operaciones a un ritmo creciente.<\/p>\n<p style=\"text-align: justify;\">Adem\u00e1s, el mismo jueves, la resistencia iraqu\u00ed inform\u00f3 de cinco ataques con drones contra blancos israel\u00edes en territorio ocupado: dos en el Gol\u00e1n sirio ocupado, otros dos en el norte de Palestina y un \u00faltimo contra un objetivo militar israel\u00ed en el sur de Palestina ocupada.<\/p>\n<p style=\"text-align: justify;\"><em><strong>ah<\/strong><\/em><\/p>\n","protected":false},"excerpt":{"rendered":"<p>Bagdad, 1 no (SANA) La resistencia en Irak anunci\u00f3 este jueves en dos comunicados la ejecuci\u00f3n de ataques con drones contra dos objetivos vitales israel\u00edes ubicados en el centro y sur de los territorios ocupados. Seg\u00fan su declaraci\u00f3n, las operaciones se llevaron a cabo en solidaridad con el pueblo de Palestina y L\u00edbano, y en &hellip;<\/p>\n","protected":false},"author":30,"featured_media":341751,"comment_status":"closed","ping_status":"closed","sticky":false,"template":"","format":"standard","meta":{"footnotes":""},"categories":[597,456,20724,7541],"tags":[],"class_list":["post-341748","post","type-post","status-publish","format-standard","has-post-thumbnail","","category-cinta-de-noticias","category-arabe-internacional-politica","category-minuto-a-minuto","category-ultimas-noticias"],"_links":{"self":[{"href":"https:\/\/archive.sana.sy\/es\/index.php?rest_route=\/wp\/v2\/posts\/341748"}],"collection":[{"href":"https:\/\/archive.sana.sy\/es\/index.php?rest_route=\/wp\/v2\/posts"}],"about":[{"href":"https:\/\/archive.sana.sy\/es\/index.php?rest_route=\/wp\/v2\/types\/post"}],"author":[{"embeddable":true,"href":"https:\/\/archive.sana.sy\/es\/index.php?rest_route=\/wp\/v2\/users\/30"}],"replies":[{"embeddable":true,"href":"https:\/\/archive.sana.sy\/es\/index.php?rest_route=%2Fwp%2Fv2%2Fcomments&post=341748"}],"version-history":[{"count":1,"href":"https:\/\/archive.sana.sy\/es\/index.php?rest_route=\/wp\/v2\/posts\/341748\/revisions"}],"predecessor-version":[{"id":341750,"href":"https:\/\/archive.sana.sy\/es\/index.php?rest_route=\/wp\/v2\/posts\/341748\/revisions\/341750"}],"wp:featuredmedia":[{"embeddable":true,"href":"https:\/\/archive.sana.sy\/es\/index.php?rest_route=\/wp\/v2\/media\/341751"}],"wp:attachment":[{"href":"https:\/\/archive.sana.sy\/es\/index.php?rest_route=%2Fwp%2Fv2%2Fmedia&parent=341748"}],"wp:term":[{"taxonomy":"category","embeddable":true,"href":"https:\/\/archive.sana.sy\/es\/index.php?rest_route=%2Fwp%2Fv2%2Fcategories&post=341748"},{"taxonomy":"post_tag","embeddable":true,"href":"https:\/\/archive.sana.sy\/es\/index.php?rest_route=%2Fwp%2Fv2%2Ftags&post=341748"}],"curies":[{"name":"wp","href":"https:\/\/api.w.org\/{rel}","templated":true}]}}