{"id":341766,"date":"2024-11-01T13:49:56","date_gmt":"2024-11-01T10:49:56","guid":{"rendered":"https:\/\/sana.sy\/es\/?p=341766"},"modified":"2024-11-01T13:49:56","modified_gmt":"2024-11-01T10:49:56","slug":"rusia-condena-crimenes-de-israel-contra-lideres-de-la-resistencia-en-libano-y-palestina","status":"publish","type":"post","link":"https:\/\/archive.sana.sy\/es\/?p=341766","title":{"rendered":"Rusia condena cr\u00edmenes de \u201cIsrael\u201d contra l\u00edderes de la resistencia en L\u00edbano y Palestina"},"content":{"rendered":"<p style=\"text-align: justify;\"><span style=\"color: #800000;\"><strong>Mosc\u00fa, 1 nov (SANA)<\/strong><\/span> El Ministro de Relaciones Exteriores de Rusia, Serguei Lavrov, conden\u00f3 los cr\u00edmenes de asesinato cometidos por la entidad israel\u00ed contra l\u00edderes pol\u00edticos de la resistencia libanesa y palestina, as\u00ed como contra altos oficiales militares iran\u00edes.<\/p>\n<p style=\"text-align: justify;\">La agencia de noticias TASS inform\u00f3 que Lavrov, en una entrevista con el diario turco <em>Hurriyet<\/em>, mencion\u00f3: \u201cRusia propuso que estas acciones sean evaluadas por el Consejo de Seguridad de la ONU; sin embargo, debido a la obstrucci\u00f3n de los miembros occidentales del consejo a tales iniciativas, no fue posible llevarlo a cabo.<\/p>\n<p style=\"text-align: justify;\">Lavrov destac\u00f3 que las agresiones israel\u00edes en Gaza y L\u00edbano provocaron decenas de miles de v\u00edctimas inocentes, y que \u201cIsrael\u201d est\u00e1 intensificando sus acciones y arrastrando a m\u00e1s pa\u00edses a un ciclo de confrontaci\u00f3n.<\/p>\n<p style=\"text-align: justify;\">El Canciller reiter\u00f3 la demanda de Mosc\u00fa de poner fin a la derrama de sangre en Medio Oriente y de crear las condiciones necesarias para un alto el fuego, y enfatiz\u00f3 que la soluci\u00f3n debe ser a trav\u00e9s de un acuerdo pol\u00edtico basado en el derecho internacional reconocido, que incluya el establecimiento de un Estado palestino independiente dentro de las fronteras de 1967.<\/p>\n<p style=\"text-align: justify;\">Lavrov expres\u00f3 su confianza en que solo tal soluci\u00f3n puede garantizar una paz estable y duradera en el Medio Oriente.<\/p>\n<p style=\"text-align: justify;\"><em><strong>ah<\/strong><\/em><\/p>\n","protected":false},"excerpt":{"rendered":"<p>Mosc\u00fa, 1 nov (SANA) El Ministro de Relaciones Exteriores de Rusia, Serguei Lavrov, conden\u00f3 los cr\u00edmenes de asesinato cometidos por la entidad israel\u00ed contra l\u00edderes pol\u00edticos de la resistencia libanesa y palestina, as\u00ed como contra altos oficiales militares iran\u00edes. La agencia de noticias TASS inform\u00f3 que Lavrov, en una entrevista con el diario turco Hurriyet, &hellip;<\/p>\n","protected":false},"author":30,"featured_media":341767,"comment_status":"closed","ping_status":"closed","sticky":false,"template":"","format":"standard","meta":{"footnotes":""},"categories":[597,456,20724,7541],"tags":[],"class_list":["post-341766","post","type-post","status-publish","format-standard","has-post-thumbnail","","category-cinta-de-noticias","category-arabe-internacional-politica","category-minuto-a-minuto","category-ultimas-noticias"],"_links":{"self":[{"href":"https:\/\/archive.sana.sy\/es\/index.php?rest_route=\/wp\/v2\/posts\/341766"}],"collection":[{"href":"https:\/\/archive.sana.sy\/es\/index.php?rest_route=\/wp\/v2\/posts"}],"about":[{"href":"https:\/\/archive.sana.sy\/es\/index.php?rest_route=\/wp\/v2\/types\/post"}],"author":[{"embeddable":true,"href":"https:\/\/archive.sana.sy\/es\/index.php?rest_route=\/wp\/v2\/users\/30"}],"replies":[{"embeddable":true,"href":"https:\/\/archive.sana.sy\/es\/index.php?rest_route=%2Fwp%2Fv2%2Fcomments&post=341766"}],"version-history":[{"count":1,"href":"https:\/\/archive.sana.sy\/es\/index.php?rest_route=\/wp\/v2\/posts\/341766\/revisions"}],"predecessor-version":[{"id":341768,"href":"https:\/\/archive.sana.sy\/es\/index.php?rest_route=\/wp\/v2\/posts\/341766\/revisions\/341768"}],"wp:featuredmedia":[{"embeddable":true,"href":"https:\/\/archive.sana.sy\/es\/index.php?rest_route=\/wp\/v2\/media\/341767"}],"wp:attachment":[{"href":"https:\/\/archive.sana.sy\/es\/index.php?rest_route=%2Fwp%2Fv2%2Fmedia&parent=341766"}],"wp:term":[{"taxonomy":"category","embeddable":true,"href":"https:\/\/archive.sana.sy\/es\/index.php?rest_route=%2Fwp%2Fv2%2Fcategories&post=341766"},{"taxonomy":"post_tag","embeddable":true,"href":"https:\/\/archive.sana.sy\/es\/index.php?rest_route=%2Fwp%2Fv2%2Ftags&post=341766"}],"curies":[{"name":"wp","href":"https:\/\/api.w.org\/{rel}","templated":true}]}}