{"id":341769,"date":"2024-11-01T13:58:10","date_gmt":"2024-11-01T10:58:10","guid":{"rendered":"https:\/\/sana.sy\/es\/?p=341769"},"modified":"2024-11-01T13:58:10","modified_gmt":"2024-11-01T10:58:10","slug":"oman-exige-a-occidente-frenar-agresiones-israelies-en-medios-oriente","status":"publish","type":"post","link":"https:\/\/archive.sana.sy\/es\/?p=341769","title":{"rendered":"Om\u00e1n exige a Occidente frenar agresiones israel\u00edes en Medios Oriente"},"content":{"rendered":"<p style=\"text-align: justify;\"><span style=\"color: #800000;\"><strong>Om\u00e1n, 1 nov (SANA)<\/strong> <\/span>El Ministro de Relaciones Exteriores de Om\u00e1n, Badr bin Hamad al-Busaidi, inst\u00f3 a los pa\u00edses occidentales a obligar a la entidad de ocupaci\u00f3n israel\u00ed a poner fin a sus agresiones en Medio Oriente.<\/p>\n<p style=\"text-align: justify;\">La agencia de noticias oman\u00ed inform\u00f3 que al-Busaidi, en declaraciones a la revista Financial Times, dijo que hay un compromiso moral de las potencias occidentales para obligar a \u2018Israel\u2019 a cesar sus agresiones en Medio Oriente y que estas potencias desempe\u00f1en un papel m\u00e1s all\u00e1 de simplemente convencer, y que haya alg\u00fan tipo de restricciones impuestas a \u2018Israel\u2019 para detener su agresi\u00f3n.<\/p>\n<p style=\"text-align: justify;\">El Ministro tambi\u00e9n llam\u00f3 a los pa\u00edses occidentales a abandonar la \u201ccostumbre obsoleta de la Guerra Fr\u00eda\u201d, que se manifiesta en el apoyo incondicional a la entidad israel\u00ed.<\/p>\n<p style=\"text-align: justify;\">Al-Busaidi subray\u00f3 que si se hubieran abordado las causas ra\u00edz, que son la ocupaci\u00f3n israel\u00ed de los territorios palestinos, los movimientos de resistencia nacional no habr\u00edan escalado en todas partes.<\/p>\n<p style=\"text-align: justify;\">\u201cTratar a Ir\u00e1n tambi\u00e9n como una \u2018potencia hostil\u2019 es, de hecho, una agenda del primer ministro israel\u00ed Benjam\u00edn Netanyahu, y ning\u00fan pa\u00eds deber\u00eda seguir su ejemplo\u201d, agreg\u00f3.<\/p>\n<p style=\"text-align: justify;\">Concluy\u00f3 que la \u00fanica parte que desea continuar la guerra es \u201cIsrael\u201d, y el mundo est\u00e1 fracasando en detener esto y en forzarla a poner fin a esta locura.<\/p>\n<p style=\"text-align: justify;\"><em><strong>ah<\/strong><\/em><\/p>\n","protected":false},"excerpt":{"rendered":"<p>Om\u00e1n, 1 nov (SANA) El Ministro de Relaciones Exteriores de Om\u00e1n, Badr bin Hamad al-Busaidi, inst\u00f3 a los pa\u00edses occidentales a obligar a la entidad de ocupaci\u00f3n israel\u00ed a poner fin a sus agresiones en Medio Oriente. La agencia de noticias oman\u00ed inform\u00f3 que al-Busaidi, en declaraciones a la revista Financial Times, dijo que hay &hellip;<\/p>\n","protected":false},"author":30,"featured_media":341770,"comment_status":"closed","ping_status":"closed","sticky":false,"template":"","format":"standard","meta":{"footnotes":""},"categories":[597,456,20724,7541],"tags":[],"class_list":["post-341769","post","type-post","status-publish","format-standard","has-post-thumbnail","","category-cinta-de-noticias","category-arabe-internacional-politica","category-minuto-a-minuto","category-ultimas-noticias"],"_links":{"self":[{"href":"https:\/\/archive.sana.sy\/es\/index.php?rest_route=\/wp\/v2\/posts\/341769"}],"collection":[{"href":"https:\/\/archive.sana.sy\/es\/index.php?rest_route=\/wp\/v2\/posts"}],"about":[{"href":"https:\/\/archive.sana.sy\/es\/index.php?rest_route=\/wp\/v2\/types\/post"}],"author":[{"embeddable":true,"href":"https:\/\/archive.sana.sy\/es\/index.php?rest_route=\/wp\/v2\/users\/30"}],"replies":[{"embeddable":true,"href":"https:\/\/archive.sana.sy\/es\/index.php?rest_route=%2Fwp%2Fv2%2Fcomments&post=341769"}],"version-history":[{"count":1,"href":"https:\/\/archive.sana.sy\/es\/index.php?rest_route=\/wp\/v2\/posts\/341769\/revisions"}],"predecessor-version":[{"id":341771,"href":"https:\/\/archive.sana.sy\/es\/index.php?rest_route=\/wp\/v2\/posts\/341769\/revisions\/341771"}],"wp:featuredmedia":[{"embeddable":true,"href":"https:\/\/archive.sana.sy\/es\/index.php?rest_route=\/wp\/v2\/media\/341770"}],"wp:attachment":[{"href":"https:\/\/archive.sana.sy\/es\/index.php?rest_route=%2Fwp%2Fv2%2Fmedia&parent=341769"}],"wp:term":[{"taxonomy":"category","embeddable":true,"href":"https:\/\/archive.sana.sy\/es\/index.php?rest_route=%2Fwp%2Fv2%2Fcategories&post=341769"},{"taxonomy":"post_tag","embeddable":true,"href":"https:\/\/archive.sana.sy\/es\/index.php?rest_route=%2Fwp%2Fv2%2Ftags&post=341769"}],"curies":[{"name":"wp","href":"https:\/\/api.w.org\/{rel}","templated":true}]}}