{"id":341814,"date":"2024-11-01T19:31:35","date_gmt":"2024-11-01T16:31:35","guid":{"rendered":"https:\/\/sana.sy\/es\/?p=341814"},"modified":"2024-11-01T19:34:59","modified_gmt":"2024-11-01T16:34:59","slug":"mueren-205-personas-en-inundaciones-en-espana","status":"publish","type":"post","link":"https:\/\/archive.sana.sy\/es\/?p=341814","title":{"rendered":"Mueren 205 personas en inundaciones en Espa\u00f1a"},"content":{"rendered":"<p style=\"text-align: justify;\"><span style=\"color: #800000;\"><strong>Madrid, 01 nov (SANA)<\/strong><\/span> El n\u00famero de muertos por las inundaciones masivas que tuvo lugar en Espa\u00f1a ha aumentado a 205 personas.<\/p>\n<p style=\"text-align: justify;\">\u201cLa cifra de v\u00edctimas de la masivas inundaciones en la provincia de Valencia, Espa\u00f1a, ya asciende a 202 muertos\u201d, inform\u00f3 la agencia France-Presse citando al Centro de Coordinaci\u00f3n de Emergencias de la Generalitat Valenciana (CECOPI).<\/p>\n<p style=\"text-align: justify;\">Agreg\u00f3 que otras dos personas en Castilla-La Mancha y una m\u00e1s en Andaluc\u00eda se encontraron muertas, por lo que la cifra provisional se eleva a 205 fallecidos.<\/p>\n<p style=\"text-align: justify;\">ahs\/sm<\/p>\n","protected":false},"excerpt":{"rendered":"<p>Madrid, 01 nov (SANA) El n\u00famero de muertos por las inundaciones masivas que tuvo lugar en Espa\u00f1a ha aumentado a 205 personas. \u201cLa cifra de v\u00edctimas de la masivas inundaciones en la provincia de Valencia, Espa\u00f1a, ya asciende a 202 muertos\u201d, inform\u00f3 la agencia France-Presse citando al Centro de Coordinaci\u00f3n de Emergencias de la Generalitat &hellip;<\/p>\n","protected":false},"author":43,"featured_media":341819,"comment_status":"closed","ping_status":"closed","sticky":false,"template":"","format":"standard","meta":{"footnotes":""},"categories":[597,456,16687,20724,7541],"tags":[],"class_list":["post-341814","post","type-post","status-publish","format-standard","has-post-thumbnail","","category-cinta-de-noticias","category-arabe-internacional-politica","category-internacionales","category-minuto-a-minuto","category-ultimas-noticias"],"_links":{"self":[{"href":"https:\/\/archive.sana.sy\/es\/index.php?rest_route=\/wp\/v2\/posts\/341814"}],"collection":[{"href":"https:\/\/archive.sana.sy\/es\/index.php?rest_route=\/wp\/v2\/posts"}],"about":[{"href":"https:\/\/archive.sana.sy\/es\/index.php?rest_route=\/wp\/v2\/types\/post"}],"author":[{"embeddable":true,"href":"https:\/\/archive.sana.sy\/es\/index.php?rest_route=\/wp\/v2\/users\/43"}],"replies":[{"embeddable":true,"href":"https:\/\/archive.sana.sy\/es\/index.php?rest_route=%2Fwp%2Fv2%2Fcomments&post=341814"}],"version-history":[{"count":1,"href":"https:\/\/archive.sana.sy\/es\/index.php?rest_route=\/wp\/v2\/posts\/341814\/revisions"}],"predecessor-version":[{"id":341816,"href":"https:\/\/archive.sana.sy\/es\/index.php?rest_route=\/wp\/v2\/posts\/341814\/revisions\/341816"}],"wp:featuredmedia":[{"embeddable":true,"href":"https:\/\/archive.sana.sy\/es\/index.php?rest_route=\/wp\/v2\/media\/341819"}],"wp:attachment":[{"href":"https:\/\/archive.sana.sy\/es\/index.php?rest_route=%2Fwp%2Fv2%2Fmedia&parent=341814"}],"wp:term":[{"taxonomy":"category","embeddable":true,"href":"https:\/\/archive.sana.sy\/es\/index.php?rest_route=%2Fwp%2Fv2%2Fcategories&post=341814"},{"taxonomy":"post_tag","embeddable":true,"href":"https:\/\/archive.sana.sy\/es\/index.php?rest_route=%2Fwp%2Fv2%2Ftags&post=341814"}],"curies":[{"name":"wp","href":"https:\/\/api.w.org\/{rel}","templated":true}]}}