{"id":341820,"date":"2024-11-01T19:38:19","date_gmt":"2024-11-01T16:38:19","guid":{"rendered":"https:\/\/sana.sy\/es\/?p=341820"},"modified":"2024-11-01T19:38:19","modified_gmt":"2024-11-01T16:38:19","slug":"corea-del-norte-reconoce-que-ayuda-a-rusia-desde-el-inicio-de-su-operativo-en-ucrania","status":"publish","type":"post","link":"https:\/\/archive.sana.sy\/es\/?p=341820","title":{"rendered":"Corea del Norte reconoce que ayuda a Rusia desde el inicio de su operativo en Ucrania"},"content":{"rendered":"<p style=\"text-align: justify;\"><span style=\"color: #800000;\"><strong>Pionyang, 1 nov (SANA)<\/strong><\/span> Desde el inicio del conflicto ucraniano, la Rep\u00fablica Popular Democr\u00e1tica de Corea (RPDC) ayuda a Rusia &#8220;en su guerra&#8221;, declar\u00f3 la ministra de Asuntos Exteriores norcoreana, Choe Son-hui, que se encuentra en Mosc\u00fa en una visita oficial.<\/p>\n<p style=\"text-align: justify;\">Seg\u00fan divulg\u00f3 RT, en una reuni\u00f3n con su hom\u00f3logo ruso, Sergu\u00e9i Lavrov, Choe afirm\u00f3 que cuando empezaron las hostilidades, el l\u00edder norcoreano Kim Jong-un &#8220;hab\u00eda dado instrucciones de que, sin mirar atr\u00e1s a nadie, apoyemos y ayudemos inquebrantable y poderosamente al Ej\u00e9rcito ruso y al pueblo ruso en su guerra santa&#8221;.<\/p>\n<p style=\"text-align: justify;\">Agreg\u00f3 que Pionyang &#8220;no tiene la menor duda&#8221; de que bajo la direcci\u00f3n del presidente Vlad\u00edmir Putin, &#8220;el Ej\u00e9rcito y el pueblo rusos lograr\u00e1n, sin duda, una gran victoria en su sagrada lucha por defender los derechos soberanos y proteger la seguridad de su Estado&#8221;. Choe subray\u00f3 que la RPDC &#8220;siempre estar\u00e1 firmemente al lado sus camaradas rusos hasta el d\u00eda victorioso&#8221;.<\/p>\n<p style=\"text-align: justify;\">fm\/sm<\/p>\n","protected":false},"excerpt":{"rendered":"<p>Pionyang, 1 nov (SANA) Desde el inicio del conflicto ucraniano, la Rep\u00fablica Popular Democr\u00e1tica de Corea (RPDC) ayuda a Rusia &#8220;en su guerra&#8221;, declar\u00f3 la ministra de Asuntos Exteriores norcoreana, Choe Son-hui, que se encuentra en Mosc\u00fa en una visita oficial. Seg\u00fan divulg\u00f3 RT, en una reuni\u00f3n con su hom\u00f3logo ruso, Sergu\u00e9i Lavrov, Choe afirm\u00f3 &hellip;<\/p>\n","protected":false},"author":39,"featured_media":341821,"comment_status":"closed","ping_status":"closed","sticky":false,"template":"","format":"standard","meta":{"footnotes":""},"categories":[597,456,16687,20724,7541],"tags":[],"class_list":["post-341820","post","type-post","status-publish","format-standard","has-post-thumbnail","","category-cinta-de-noticias","category-arabe-internacional-politica","category-internacionales","category-minuto-a-minuto","category-ultimas-noticias"],"_links":{"self":[{"href":"https:\/\/archive.sana.sy\/es\/index.php?rest_route=\/wp\/v2\/posts\/341820"}],"collection":[{"href":"https:\/\/archive.sana.sy\/es\/index.php?rest_route=\/wp\/v2\/posts"}],"about":[{"href":"https:\/\/archive.sana.sy\/es\/index.php?rest_route=\/wp\/v2\/types\/post"}],"author":[{"embeddable":true,"href":"https:\/\/archive.sana.sy\/es\/index.php?rest_route=\/wp\/v2\/users\/39"}],"replies":[{"embeddable":true,"href":"https:\/\/archive.sana.sy\/es\/index.php?rest_route=%2Fwp%2Fv2%2Fcomments&post=341820"}],"version-history":[{"count":1,"href":"https:\/\/archive.sana.sy\/es\/index.php?rest_route=\/wp\/v2\/posts\/341820\/revisions"}],"predecessor-version":[{"id":341822,"href":"https:\/\/archive.sana.sy\/es\/index.php?rest_route=\/wp\/v2\/posts\/341820\/revisions\/341822"}],"wp:featuredmedia":[{"embeddable":true,"href":"https:\/\/archive.sana.sy\/es\/index.php?rest_route=\/wp\/v2\/media\/341821"}],"wp:attachment":[{"href":"https:\/\/archive.sana.sy\/es\/index.php?rest_route=%2Fwp%2Fv2%2Fmedia&parent=341820"}],"wp:term":[{"taxonomy":"category","embeddable":true,"href":"https:\/\/archive.sana.sy\/es\/index.php?rest_route=%2Fwp%2Fv2%2Fcategories&post=341820"},{"taxonomy":"post_tag","embeddable":true,"href":"https:\/\/archive.sana.sy\/es\/index.php?rest_route=%2Fwp%2Fv2%2Ftags&post=341820"}],"curies":[{"name":"wp","href":"https:\/\/api.w.org\/{rel}","templated":true}]}}