{"id":341823,"date":"2024-11-01T19:41:26","date_gmt":"2024-11-01T16:41:26","guid":{"rendered":"https:\/\/sana.sy\/es\/?p=341823"},"modified":"2024-11-01T19:43:57","modified_gmt":"2024-11-01T16:43:57","slug":"pionyang-lanza-poderoso-misil-balistico-intercontinental","status":"publish","type":"post","link":"https:\/\/archive.sana.sy\/es\/?p=341823","title":{"rendered":"Pionyang lanza poderoso misil bal\u00edstico intercontinental"},"content":{"rendered":"<p style=\"text-align: justify;\"><strong><span style=\"color: #800000;\">Pionyang, 1 nov (SANA)<\/span> <\/strong>La Rep\u00fablica Popular Democr\u00e1tica de Corea (RPDC) lanz\u00f3 el jueves, su nuevo misil bal\u00edstico intercontinental Hwasong-19 hacia el mar de Jap\u00f3n, que registr\u00f3 un tiempo de vuelo de casi 86 minutos y recorri\u00f3 una distancia de unos 1.000 kil\u00f3metros con una altitud de m\u00e1s de 7.687 kil\u00f3metros.<\/p>\n<p style=\"text-align: justify;\">Se trata de un misil dise\u00f1ado para alcanzar el territorio continental de EE.UU., recoge la agencia AP.<\/p>\n<p style=\"text-align: justify;\">Seg\u00fan la agencia norcoreana, dicho lanzamiento de prueba bati\u00f3 el r\u00e9cord de potencia de misiles estrat\u00e9gicos del pa\u00eds, y tambi\u00e9n demostr\u00f3 plenamente la modernidad y fiabilidad de la fuerza de disuasi\u00f3n estrat\u00e9gica de la RPDC.<\/p>\n<p style=\"text-align: justify;\">El l\u00edder Kim Jong-un calific\u00f3 el ensayo como &#8220;una acci\u00f3n militar apropiada y plenamente leg\u00edtima&#8221; para mostrar la determinaci\u00f3n de su pa\u00eds de responder a los movimientos de sus enemigos que han amenazado la seguridad nacional.<\/p>\n<div id='gallery-1' class='gallery galleryid-341823 gallery-columns-1 gallery-size-full'><figure class='gallery-item'>\n\t\t\t<div class='gallery-icon landscape'>\n\t\t\t\t<a href='https:\/\/archive.sana.sy\/es\/?attachment_id=341824'><img loading=\"lazy\" decoding=\"async\" width=\"1000\" height=\"666\" src=\"https:\/\/archive.sana.sy\/es\/wp-content\/uploads\/2024\/11\/Pionyang-lanza-poderoso-misil-balistico-intercontinental000.jpeg\" class=\"attachment-full size-full\" alt=\"\" srcset=\"https:\/\/archive.sana.sy\/es\/wp-content\/uploads\/2024\/11\/Pionyang-lanza-poderoso-misil-balistico-intercontinental000.jpeg 1000w, https:\/\/archive.sana.sy\/es\/wp-content\/uploads\/2024\/11\/Pionyang-lanza-poderoso-misil-balistico-intercontinental000-300x200.jpeg 300w, https:\/\/archive.sana.sy\/es\/wp-content\/uploads\/2024\/11\/Pionyang-lanza-poderoso-misil-balistico-intercontinental000-150x100.jpeg 150w, https:\/\/archive.sana.sy\/es\/wp-content\/uploads\/2024\/11\/Pionyang-lanza-poderoso-misil-balistico-intercontinental000-768x511.jpeg 768w, https:\/\/archive.sana.sy\/es\/wp-content\/uploads\/2024\/11\/Pionyang-lanza-poderoso-misil-balistico-intercontinental000-310x205.jpeg 310w\" sizes=\"(max-width: 1000px) 100vw, 1000px\" \/><\/a>\n\t\t\t<\/div><\/figure><figure class='gallery-item'>\n\t\t\t<div class='gallery-icon landscape'>\n\t\t\t\t<a href='https:\/\/archive.sana.sy\/es\/?attachment_id=341825'><img loading=\"lazy\" decoding=\"async\" width=\"1104\" height=\"622\" src=\"https:\/\/archive.sana.sy\/es\/wp-content\/uploads\/2024\/11\/Pionyang-lanza-poderoso-misil-balistico-intercontinental00.jpeg\" class=\"attachment-full size-full\" alt=\"\" srcset=\"https:\/\/archive.sana.sy\/es\/wp-content\/uploads\/2024\/11\/Pionyang-lanza-poderoso-misil-balistico-intercontinental00.jpeg 1104w, https:\/\/archive.sana.sy\/es\/wp-content\/uploads\/2024\/11\/Pionyang-lanza-poderoso-misil-balistico-intercontinental00-300x169.jpeg 300w, https:\/\/archive.sana.sy\/es\/wp-content\/uploads\/2024\/11\/Pionyang-lanza-poderoso-misil-balistico-intercontinental00-1024x577.jpeg 1024w, https:\/\/archive.sana.sy\/es\/wp-content\/uploads\/2024\/11\/Pionyang-lanza-poderoso-misil-balistico-intercontinental00-150x85.jpeg 150w, https:\/\/archive.sana.sy\/es\/wp-content\/uploads\/2024\/11\/Pionyang-lanza-poderoso-misil-balistico-intercontinental00-768x433.jpeg 768w\" sizes=\"(max-width: 1104px) 100vw, 1104px\" \/><\/a>\n\t\t\t<\/div><\/figure>\n\t\t<\/div>\n\n<p style=\"text-align: justify;\">fm\/sm<\/p>\n","protected":false},"excerpt":{"rendered":"<p>Pionyang, 1 nov (SANA) La Rep\u00fablica Popular Democr\u00e1tica de Corea (RPDC) lanz\u00f3 el jueves, su nuevo misil bal\u00edstico intercontinental Hwasong-19 hacia el mar de Jap\u00f3n, que registr\u00f3 un tiempo de vuelo de casi 86 minutos y recorri\u00f3 una distancia de unos 1.000 kil\u00f3metros con una altitud de m\u00e1s de 7.687 kil\u00f3metros. Se trata de un &hellip;<\/p>\n","protected":false},"author":39,"featured_media":341827,"comment_status":"closed","ping_status":"closed","sticky":false,"template":"","format":"standard","meta":{"footnotes":""},"categories":[597,456,16687,20724,7541],"tags":[],"class_list":["post-341823","post","type-post","status-publish","format-standard","has-post-thumbnail","","category-cinta-de-noticias","category-arabe-internacional-politica","category-internacionales","category-minuto-a-minuto","category-ultimas-noticias"],"_links":{"self":[{"href":"https:\/\/archive.sana.sy\/es\/index.php?rest_route=\/wp\/v2\/posts\/341823"}],"collection":[{"href":"https:\/\/archive.sana.sy\/es\/index.php?rest_route=\/wp\/v2\/posts"}],"about":[{"href":"https:\/\/archive.sana.sy\/es\/index.php?rest_route=\/wp\/v2\/types\/post"}],"author":[{"embeddable":true,"href":"https:\/\/archive.sana.sy\/es\/index.php?rest_route=\/wp\/v2\/users\/39"}],"replies":[{"embeddable":true,"href":"https:\/\/archive.sana.sy\/es\/index.php?rest_route=%2Fwp%2Fv2%2Fcomments&post=341823"}],"version-history":[{"count":1,"href":"https:\/\/archive.sana.sy\/es\/index.php?rest_route=\/wp\/v2\/posts\/341823\/revisions"}],"predecessor-version":[{"id":341826,"href":"https:\/\/archive.sana.sy\/es\/index.php?rest_route=\/wp\/v2\/posts\/341823\/revisions\/341826"}],"wp:featuredmedia":[{"embeddable":true,"href":"https:\/\/archive.sana.sy\/es\/index.php?rest_route=\/wp\/v2\/media\/341827"}],"wp:attachment":[{"href":"https:\/\/archive.sana.sy\/es\/index.php?rest_route=%2Fwp%2Fv2%2Fmedia&parent=341823"}],"wp:term":[{"taxonomy":"category","embeddable":true,"href":"https:\/\/archive.sana.sy\/es\/index.php?rest_route=%2Fwp%2Fv2%2Fcategories&post=341823"},{"taxonomy":"post_tag","embeddable":true,"href":"https:\/\/archive.sana.sy\/es\/index.php?rest_route=%2Fwp%2Fv2%2Ftags&post=341823"}],"curies":[{"name":"wp","href":"https:\/\/api.w.org\/{rel}","templated":true}]}}