{"id":341828,"date":"2024-11-02T09:14:31","date_gmt":"2024-11-02T06:14:31","guid":{"rendered":"https:\/\/sana.sy\/es\/?p=341828"},"modified":"2024-11-02T09:15:05","modified_gmt":"2024-11-02T06:15:05","slug":"agresiones-israelies-contra-baalek-hermel-libano-dejan-52-muertos-y-72-heridos","status":"publish","type":"post","link":"https:\/\/archive.sana.sy\/es\/?p=341828","title":{"rendered":"Agresiones israel\u00edes contra Baalbek-Hermel, L\u00edbano dejan 52 muertos y 72 heridos"},"content":{"rendered":"<p style=\"text-align: justify;\"><span style=\"color: #800000;\"><strong>Beirut, 2 nov (SANA)<\/strong><\/span> Las fuerzas de ocupaci\u00f3n israel\u00edes incrementaron este viernes sus agresiones contra L\u00edbano, concentr\u00e1ndose en la regi\u00f3n de la Bekaa.<\/p>\n<p style=\"text-align: justify;\">De acuerdo con el \u00faltimo informe emitido por el Centro de Operaciones de Emergencia del Ministerio de Salud P\u00fablica liban\u00e9s, las agresiones contra ciudades y localidades de la regi\u00f3n Baalbek-Hermel causaron la muerte de 52 personas y dejaron 72 heridos.<\/p>\n<p style=\"text-align: justify;\">Las v\u00edctimas se distribuyeron en m\u00faltiples localidades: Amhaz sufri\u00f3 12 muertos y siete heridos; en Harbata, hubo seis fallecidos y cuatro heridos; en Younine, nueve muertos y un herido; Bednayel registr\u00f3 ocho muertos y siete heridos; y en Nahle, cuatro muertos y siete heridos.<\/p>\n<p style=\"text-align: justify;\">Asimismo, en otras localidades se contabilizaron dos muertos en Al-Shrawneh, un muerto y siete heridos en Tarya, cuatro fallecidos y dos heridos en Al-Alaq, cuatro muertos en Iaat, un herido en Al-Labweh, seis heridos en Al-Khader, dos muertos y tres heridos en Saida, seis heridos en Ras Al-Ain, y 21 heridos en Hawsh Al-Nabi.<\/p>\n<p style=\"text-align: justify;\"><em><strong>ah<\/strong><\/em><\/p>\n","protected":false},"excerpt":{"rendered":"<p>Beirut, 2 nov (SANA) Las fuerzas de ocupaci\u00f3n israel\u00edes incrementaron este viernes sus agresiones contra L\u00edbano, concentr\u00e1ndose en la regi\u00f3n de la Bekaa. De acuerdo con el \u00faltimo informe emitido por el Centro de Operaciones de Emergencia del Ministerio de Salud P\u00fablica liban\u00e9s, las agresiones contra ciudades y localidades de la regi\u00f3n Baalbek-Hermel causaron la &hellip;<\/p>\n","protected":false},"author":30,"featured_media":341829,"comment_status":"closed","ping_status":"closed","sticky":false,"template":"","format":"standard","meta":{"footnotes":""},"categories":[597,456,20724,583],"tags":[],"class_list":["post-341828","post","type-post","status-publish","format-standard","has-post-thumbnail","","category-cinta-de-noticias","category-arabe-internacional-politica","category-minuto-a-minuto","category-slide"],"_links":{"self":[{"href":"https:\/\/archive.sana.sy\/es\/index.php?rest_route=\/wp\/v2\/posts\/341828"}],"collection":[{"href":"https:\/\/archive.sana.sy\/es\/index.php?rest_route=\/wp\/v2\/posts"}],"about":[{"href":"https:\/\/archive.sana.sy\/es\/index.php?rest_route=\/wp\/v2\/types\/post"}],"author":[{"embeddable":true,"href":"https:\/\/archive.sana.sy\/es\/index.php?rest_route=\/wp\/v2\/users\/30"}],"replies":[{"embeddable":true,"href":"https:\/\/archive.sana.sy\/es\/index.php?rest_route=%2Fwp%2Fv2%2Fcomments&post=341828"}],"version-history":[{"count":2,"href":"https:\/\/archive.sana.sy\/es\/index.php?rest_route=\/wp\/v2\/posts\/341828\/revisions"}],"predecessor-version":[{"id":341831,"href":"https:\/\/archive.sana.sy\/es\/index.php?rest_route=\/wp\/v2\/posts\/341828\/revisions\/341831"}],"wp:featuredmedia":[{"embeddable":true,"href":"https:\/\/archive.sana.sy\/es\/index.php?rest_route=\/wp\/v2\/media\/341829"}],"wp:attachment":[{"href":"https:\/\/archive.sana.sy\/es\/index.php?rest_route=%2Fwp%2Fv2%2Fmedia&parent=341828"}],"wp:term":[{"taxonomy":"category","embeddable":true,"href":"https:\/\/archive.sana.sy\/es\/index.php?rest_route=%2Fwp%2Fv2%2Fcategories&post=341828"},{"taxonomy":"post_tag","embeddable":true,"href":"https:\/\/archive.sana.sy\/es\/index.php?rest_route=%2Fwp%2Fv2%2Ftags&post=341828"}],"curies":[{"name":"wp","href":"https:\/\/api.w.org\/{rel}","templated":true}]}}