{"id":341832,"date":"2024-11-02T09:56:54","date_gmt":"2024-11-02T06:56:54","guid":{"rendered":"https:\/\/sana.sy\/es\/?p=341832"},"modified":"2024-11-02T09:56:54","modified_gmt":"2024-11-02T06:56:54","slug":"israel-asesino-a-183-periodistas-en-la-franja-de-gaza-desde-el-7-de-octubre-pasado","status":"publish","type":"post","link":"https:\/\/archive.sana.sy\/es\/?p=341832","title":{"rendered":"\u201cIsrael\u201d asesin\u00f3 a 183 periodistas en la Franja de Gaza desde el 7 de octubre pasado"},"content":{"rendered":"<p style=\"text-align: justify;\"><span style=\"color: #800000;\"><strong>Jerusal\u00e9n ocupada, 2 nov (SANA)\u00a0<\/strong><\/span>La Oficina gubernamental de Prensa en la Franja de Gaza confirm\u00f3 la muerte del fotoperiodista Bilal Mohamed Rajab, quien trabajaba para la cadena &#8220;Al-Quds Hoy.<\/p>\n<p style=\"text-align: justify;\">Rajab perdi\u00f3 la vida en una agresi\u00f3n israel\u00ed, seg\u00fan comunic\u00f3 la entidad period\u00edstica.<img loading=\"lazy\" decoding=\"async\" class=\"size-medium wp-image-341834 alignright\" src=\"http:\/\/sana.sy\/es\/wp-content\/uploads\/2024\/11\/c32f44e5-a3a4-4e23-872c-4f551354ad77-263x300.webp\" alt=\"\" width=\"263\" height=\"300\" srcset=\"https:\/\/archive.sana.sy\/es\/wp-content\/uploads\/2024\/11\/c32f44e5-a3a4-4e23-872c-4f551354ad77-263x300.webp 263w, https:\/\/archive.sana.sy\/es\/wp-content\/uploads\/2024\/11\/c32f44e5-a3a4-4e23-872c-4f551354ad77-898x1024.webp 898w, https:\/\/archive.sana.sy\/es\/wp-content\/uploads\/2024\/11\/c32f44e5-a3a4-4e23-872c-4f551354ad77-131x150.webp 131w, https:\/\/archive.sana.sy\/es\/wp-content\/uploads\/2024\/11\/c32f44e5-a3a4-4e23-872c-4f551354ad77-768x876.webp 768w, https:\/\/archive.sana.sy\/es\/wp-content\/uploads\/2024\/11\/c32f44e5-a3a4-4e23-872c-4f551354ad77.webp 1122w\" sizes=\"(max-width: 263px) 100vw, 263px\" \/><\/p>\n<p style=\"text-align: justify;\">La Oficina emiti\u00f3 una fuerte condena por el asesinato y persecuci\u00f3n de periodistas palestinos a manos de las fuerzas de ocupaci\u00f3n israel\u00edes, a quienes atribuy\u00f3 la responsabilidad total de esta atroz e inaceptable crimen.<\/p>\n<p style=\"text-align: justify;\">Inst\u00f3 a la comunidad internacional y a las organizaciones globales de prensa a adoptar medidas para sancionar a \u201cIsrael\u201d y llevarla ante los tribunales internacionales por sus cr\u00edmenes continuos..<\/p>\n<p style=\"text-align: justify;\">Llam\u00f3 a presionar a la entidad de ocupaci\u00f3n israel\u00ed \u00a0para poner fin a la masacre y al asesinato sistem\u00e1tico de periodistas palestinos.<\/p>\n<p style=\"text-align: justify;\">La cifra de periodistas muertos en la Franja de Gaza ascendi\u00f3 a 183 desde el inicio de la actual agresi\u00f3n sionista contra Gaza.<\/p>\n<p style=\"text-align: justify;\">En relaci\u00f3n con esta situaci\u00f3n, el periodista estadounidense Chris Hedges, en un art\u00edculo reciente, advirti\u00f3 que la censura y el silenciamiento de aquellos periodistas que exponen los cr\u00edmenes de guerra de la ocupaci\u00f3n y el sufrimiento de la poblaci\u00f3n civil constituyen una prioridad para \u201cIsrael\u201d.<\/p>\n<p style=\"text-align: justify;\">Hedges alert\u00f3 que la censura extrema y el asesinato de periodistas podr\u00edan desencadenar graves consecuencias.<\/p>\n<p style=\"text-align: justify;\">Subray\u00f3 que estas pr\u00e1cticas contra la prensa podr\u00edan erosionar a\u00fan m\u00e1s la limitada protecci\u00f3n que anta\u00f1o disfrutaban los corresponsales de guerra, enviando un mensaje inequ\u00edvoco a cualquier gobierno, r\u00e9gimen o dictador que busque encubrir sus cr\u00edmenes.<\/p>\n<p style=\"text-align: justify;\"><em><strong>ah<\/strong><\/em><\/p>\n","protected":false},"excerpt":{"rendered":"<p>Jerusal\u00e9n ocupada, 2 nov (SANA)\u00a0La Oficina gubernamental de Prensa en la Franja de Gaza confirm\u00f3 la muerte del fotoperiodista Bilal Mohamed Rajab, quien trabajaba para la cadena &#8220;Al-Quds Hoy. Rajab perdi\u00f3 la vida en una agresi\u00f3n israel\u00ed, seg\u00fan comunic\u00f3 la entidad period\u00edstica. La Oficina emiti\u00f3 una fuerte condena por el asesinato y persecuci\u00f3n de periodistas &hellip;<\/p>\n","protected":false},"author":30,"featured_media":341833,"comment_status":"closed","ping_status":"closed","sticky":false,"template":"","format":"standard","meta":{"footnotes":""},"categories":[597,456,20724,7541],"tags":[],"class_list":["post-341832","post","type-post","status-publish","format-standard","has-post-thumbnail","","category-cinta-de-noticias","category-arabe-internacional-politica","category-minuto-a-minuto","category-ultimas-noticias"],"_links":{"self":[{"href":"https:\/\/archive.sana.sy\/es\/index.php?rest_route=\/wp\/v2\/posts\/341832"}],"collection":[{"href":"https:\/\/archive.sana.sy\/es\/index.php?rest_route=\/wp\/v2\/posts"}],"about":[{"href":"https:\/\/archive.sana.sy\/es\/index.php?rest_route=\/wp\/v2\/types\/post"}],"author":[{"embeddable":true,"href":"https:\/\/archive.sana.sy\/es\/index.php?rest_route=\/wp\/v2\/users\/30"}],"replies":[{"embeddable":true,"href":"https:\/\/archive.sana.sy\/es\/index.php?rest_route=%2Fwp%2Fv2%2Fcomments&post=341832"}],"version-history":[{"count":1,"href":"https:\/\/archive.sana.sy\/es\/index.php?rest_route=\/wp\/v2\/posts\/341832\/revisions"}],"predecessor-version":[{"id":341835,"href":"https:\/\/archive.sana.sy\/es\/index.php?rest_route=\/wp\/v2\/posts\/341832\/revisions\/341835"}],"wp:featuredmedia":[{"embeddable":true,"href":"https:\/\/archive.sana.sy\/es\/index.php?rest_route=\/wp\/v2\/media\/341833"}],"wp:attachment":[{"href":"https:\/\/archive.sana.sy\/es\/index.php?rest_route=%2Fwp%2Fv2%2Fmedia&parent=341832"}],"wp:term":[{"taxonomy":"category","embeddable":true,"href":"https:\/\/archive.sana.sy\/es\/index.php?rest_route=%2Fwp%2Fv2%2Fcategories&post=341832"},{"taxonomy":"post_tag","embeddable":true,"href":"https:\/\/archive.sana.sy\/es\/index.php?rest_route=%2Fwp%2Fv2%2Ftags&post=341832"}],"curies":[{"name":"wp","href":"https:\/\/api.w.org\/{rel}","templated":true}]}}