{"id":341901,"date":"2024-11-02T17:42:16","date_gmt":"2024-11-02T14:42:16","guid":{"rendered":"https:\/\/sana.sy\/es\/?p=341901"},"modified":"2024-11-02T17:42:32","modified_gmt":"2024-11-02T14:42:32","slug":"fuerzas-de-kiev-sufren-250-bajas-en-los-combates-en-kursk-kiev-perdio-ya-mas-de-29-100-efectivos-180-tanques-1-063-vehiculos-de-combate-blindados-255-piezas-de-artilleria-40-lanzaderas-multiples","status":"publish","type":"post","link":"https:\/\/archive.sana.sy\/es\/?p=341901","title":{"rendered":"Fuerzas de Kiev sufren 250 bajas en los combates en Kursk"},"content":{"rendered":"<p style=\"text-align: justify;\"><strong><span style=\"color: #800000;\">Mosc\u00fa, 2 nov (SANA)<\/span> <\/strong>El Ministerio de Defensa de Rusia inform\u00f3 hoy que las bajas del ej\u00e9rcito ucraniano en la provincia rusa de Kursk superaron los 250 militares en el \u00faltimo d\u00eda.<\/p>\n<p style=\"text-align: justify;\">&#8220;Los ataques de las fuerzas rusas destruyeron un veh\u00edculo de combate blindado, una pieza de artiller\u00eda, un mortero y tres autom\u00f3viles, y siete soldados ucranianos se rindieron&#8221;, indic\u00f3 el parte diario del Ministerio.<\/p>\n<p style=\"text-align: justify;\">En total, en los combates en la l\u00ednea de operaciones de Kursk, Kiev perdi\u00f3 ya m\u00e1s de 29.100 efectivos, 180 tanques, 1.063 veh\u00edculos de combate blindados, 255 piezas de artiller\u00eda, 40 lanzaderas m\u00faltiples \u2014incluidos 11 Himars estadounidense, 58 estaciones de guerra electr\u00f3nica, 12 radares contrabater\u00eda y 4 radares para defensa a\u00e9rea.<\/p>\n<p>fm\/ed<\/p>\n","protected":false},"excerpt":{"rendered":"<p>Mosc\u00fa, 2 nov (SANA) El Ministerio de Defensa de Rusia inform\u00f3 hoy que las bajas del ej\u00e9rcito ucraniano en la provincia rusa de Kursk superaron los 250 militares en el \u00faltimo d\u00eda. &#8220;Los ataques de las fuerzas rusas destruyeron un veh\u00edculo de combate blindado, una pieza de artiller\u00eda, un mortero y tres autom\u00f3viles, y siete &hellip;<\/p>\n","protected":false},"author":32,"featured_media":341902,"comment_status":"closed","ping_status":"closed","sticky":false,"template":"","format":"standard","meta":{"footnotes":""},"categories":[597,456,20724,7541],"tags":[],"class_list":["post-341901","post","type-post","status-publish","format-standard","has-post-thumbnail","","category-cinta-de-noticias","category-arabe-internacional-politica","category-minuto-a-minuto","category-ultimas-noticias"],"_links":{"self":[{"href":"https:\/\/archive.sana.sy\/es\/index.php?rest_route=\/wp\/v2\/posts\/341901"}],"collection":[{"href":"https:\/\/archive.sana.sy\/es\/index.php?rest_route=\/wp\/v2\/posts"}],"about":[{"href":"https:\/\/archive.sana.sy\/es\/index.php?rest_route=\/wp\/v2\/types\/post"}],"author":[{"embeddable":true,"href":"https:\/\/archive.sana.sy\/es\/index.php?rest_route=\/wp\/v2\/users\/32"}],"replies":[{"embeddable":true,"href":"https:\/\/archive.sana.sy\/es\/index.php?rest_route=%2Fwp%2Fv2%2Fcomments&post=341901"}],"version-history":[{"count":2,"href":"https:\/\/archive.sana.sy\/es\/index.php?rest_route=\/wp\/v2\/posts\/341901\/revisions"}],"predecessor-version":[{"id":341904,"href":"https:\/\/archive.sana.sy\/es\/index.php?rest_route=\/wp\/v2\/posts\/341901\/revisions\/341904"}],"wp:featuredmedia":[{"embeddable":true,"href":"https:\/\/archive.sana.sy\/es\/index.php?rest_route=\/wp\/v2\/media\/341902"}],"wp:attachment":[{"href":"https:\/\/archive.sana.sy\/es\/index.php?rest_route=%2Fwp%2Fv2%2Fmedia&parent=341901"}],"wp:term":[{"taxonomy":"category","embeddable":true,"href":"https:\/\/archive.sana.sy\/es\/index.php?rest_route=%2Fwp%2Fv2%2Fcategories&post=341901"},{"taxonomy":"post_tag","embeddable":true,"href":"https:\/\/archive.sana.sy\/es\/index.php?rest_route=%2Fwp%2Fv2%2Ftags&post=341901"}],"curies":[{"name":"wp","href":"https:\/\/api.w.org\/{rel}","templated":true}]}}