{"id":341917,"date":"2024-11-03T10:40:34","date_gmt":"2024-11-03T07:40:34","guid":{"rendered":"https:\/\/sana.sy\/es\/?p=341917"},"modified":"2024-11-03T10:40:55","modified_gmt":"2024-11-03T07:40:55","slug":"manifestaciones-en-el-mundo-en-apoyo-a-gaza-y-libano","status":"publish","type":"post","link":"https:\/\/archive.sana.sy\/es\/?p=341917","title":{"rendered":"Manifestaciones en el mundo en apoyo a Gaza y L\u00edbano"},"content":{"rendered":"<p style=\"text-align: justify;\"><span style=\"color: #800000;\"><strong>Capitales, 3 nov (SANA)\u00a0<\/strong> <\/span>Miles de personas protagonizaron protestas en capitales y ciudades de Europa, en solidaridad con Gaza y el L\u00edbano, y para exigir el fin del genocidio de \u201cIsrael\u201d contra ambos pueblos.<\/p>\n<p style=\"text-align: justify;\">Los simpatizantes propalestinos y prolibaneses salieron a las calles en las capitales Oslo, Viena, Berl\u00edn y Londres, y en otras ciudades europeas para exigir el fin de las masacres israel\u00edes y poner fin a la guerra.<\/p>\n<p style=\"text-align: justify;\">Los manifestantes portaron pancartas con consignas como &#8220;Alto el fuego ahora&#8221;, &#8220;Palestina ser\u00e1 libre&#8221; o &#8220;Manos fuera de L\u00edbano&#8221;.<\/p>\n<p style=\"text-align: justify;\">Tambi\u00e9n, pidieron la entrada de alimentos, socorro y suministros m\u00e9dicos al enclave palestino agredido.<\/p>\n<p style=\"text-align: justify;\">Instaron a la comunidad internacional poner fin a los dobles raseros y frenar los cr\u00edmenes del ocupante israel\u00ed que sigue cometiendo cr\u00edmenes contra los civiles en la Franja de Gaza y el sur del L\u00edbano, especialmente contra ni\u00f1os y mujeres.<br \/>\n<strong><span style=\"color: #800000;\"><br \/>\nws\/fm<\/span><\/strong><\/p>\n","protected":false},"excerpt":{"rendered":"<p>Capitales, 3 nov (SANA)\u00a0 Miles de personas protagonizaron protestas en capitales y ciudades de Europa, en solidaridad con Gaza y el L\u00edbano, y para exigir el fin del genocidio de \u201cIsrael\u201d contra ambos pueblos. Los simpatizantes propalestinos y prolibaneses salieron a las calles en las capitales Oslo, Viena, Berl\u00edn y Londres, y en otras ciudades &hellip;<\/p>\n","protected":false},"author":35,"featured_media":341918,"comment_status":"closed","ping_status":"closed","sticky":false,"template":"","format":"standard","meta":{"footnotes":""},"categories":[597,456,16687,20724,7541],"tags":[],"class_list":["post-341917","post","type-post","status-publish","format-standard","has-post-thumbnail","","category-cinta-de-noticias","category-arabe-internacional-politica","category-internacionales","category-minuto-a-minuto","category-ultimas-noticias"],"_links":{"self":[{"href":"https:\/\/archive.sana.sy\/es\/index.php?rest_route=\/wp\/v2\/posts\/341917"}],"collection":[{"href":"https:\/\/archive.sana.sy\/es\/index.php?rest_route=\/wp\/v2\/posts"}],"about":[{"href":"https:\/\/archive.sana.sy\/es\/index.php?rest_route=\/wp\/v2\/types\/post"}],"author":[{"embeddable":true,"href":"https:\/\/archive.sana.sy\/es\/index.php?rest_route=\/wp\/v2\/users\/35"}],"replies":[{"embeddable":true,"href":"https:\/\/archive.sana.sy\/es\/index.php?rest_route=%2Fwp%2Fv2%2Fcomments&post=341917"}],"version-history":[{"count":2,"href":"https:\/\/archive.sana.sy\/es\/index.php?rest_route=\/wp\/v2\/posts\/341917\/revisions"}],"predecessor-version":[{"id":341920,"href":"https:\/\/archive.sana.sy\/es\/index.php?rest_route=\/wp\/v2\/posts\/341917\/revisions\/341920"}],"wp:featuredmedia":[{"embeddable":true,"href":"https:\/\/archive.sana.sy\/es\/index.php?rest_route=\/wp\/v2\/media\/341918"}],"wp:attachment":[{"href":"https:\/\/archive.sana.sy\/es\/index.php?rest_route=%2Fwp%2Fv2%2Fmedia&parent=341917"}],"wp:term":[{"taxonomy":"category","embeddable":true,"href":"https:\/\/archive.sana.sy\/es\/index.php?rest_route=%2Fwp%2Fv2%2Fcategories&post=341917"},{"taxonomy":"post_tag","embeddable":true,"href":"https:\/\/archive.sana.sy\/es\/index.php?rest_route=%2Fwp%2Fv2%2Ftags&post=341917"}],"curies":[{"name":"wp","href":"https:\/\/api.w.org\/{rel}","templated":true}]}}