{"id":34196,"date":"2015-11-25T22:32:48","date_gmt":"2015-11-25T20:32:48","guid":{"rendered":"http:\/\/sana.sy\/es\/?p=34196"},"modified":"2015-11-25T22:34:19","modified_gmt":"2015-11-25T20:34:19","slug":"lavrov-el-derribo-del-avion-ruso-es-una-provocacion-planeada","status":"publish","type":"post","link":"https:\/\/archive.sana.sy\/es\/?p=34196","title":{"rendered":"Lavrov: el derribo del avi\u00f3n ruso es una provocaci\u00f3n premeditada"},"content":{"rendered":"<p style=\"text-align: justify\"><span style=\"color: #800000\">Mosc\u00fa, SANA-\u00a0<\/span>El canciller ruso, Sergu\u00e9i Lavrov se\u00f1al\u00f3 que los terroristas est\u00e1n utilizando\u00a0el territorio turco para preparar sus operaciones en Siria y otros pa\u00edses, recalcando que su pa\u00eds revisar\u00e1 sus relaciones con Turqu\u00eda despu\u00e9s del incidente del derribo del caza ruso.<\/p>\n<p style=\"text-align: justify\">En una rueda de prensa sostenida este mi\u00e9rcoles en Mosc\u00fa para informar sobre los detalles de la conversaci\u00f3n con su hom\u00f3logo turco, Mevlut Cavusoglu, el jefe de la diplomacia rusa dijo que Cavusoglu trat\u00f3 de justificar las acciones de su pa\u00eds.<\/p>\n<p style=\"text-align: justify\">Sin embargo, el Canciller ruso subray\u00f3 que su pa\u00eds tiene &#8220;serias dudas de que no se trat\u00f3 de un acto intencionado, ya que tiene todo el aspecto de una provocaci\u00f3n planeada&#8221;.<\/p>\n<p style=\"text-align: justify\">Adem\u00e1s, Lavrov asegur\u00f3 que Rusia no se implicar\u00e1 en la guerra con Turqu\u00eda, sin embargo asegur\u00f3 que &#8220;lo sucedido en el martes en Siria no quedar\u00e1 sin respuesta&#8221;.<\/p>\n<p style=\"text-align: justify\">Asimismo asever\u00f3 que el derribo del avi\u00f3n de combate ruso por parte de Turqu\u00eda en el territorio sirio, es una acci\u00f3n que requiere de reconsiderar la estructura de la presencia militar rusa en Siria.<\/p>\n<p style=\"text-align: justify\">Lavrov revel\u00f3 que el derribo del avi\u00f3n ruso est\u00e1 vinculado con las operaciones de bombardeo rusas contra las refiner\u00edas y los dep\u00f3sitos de crudo de la organizaci\u00f3n terrorista del Estado Isl\u00e1mico en el territorio sirio.<\/p>\n<p style=\"text-align: justify\">El jefe de la diplomacia rusa critic\u00f3 que la OTAN no reaccion\u00f3 ante este incidente como si fuera garantizando cubrimiento a la actitud de Turqu\u00eda, agregando que la Uni\u00f3n Europea adopt\u00f3 una postura igual.<\/p>\n<p style=\"text-align: justify\">En cuanto al arreglo pol\u00edtico de la crisis en Siria, Lavrov reiter\u00f3 la necesidad de alcanzar un acuerdo sobre la delegaci\u00f3n de la oposici\u00f3n y la lista de las organizaciones terroristas que no ser\u00e1n incluidas en el proceso del alto el fuego seg\u00fan los acuerdos de Viena.<\/p>\n<p style=\"text-align: justify\">Por su parte, la portavoz de la Canciller\u00eda rusa, Mar\u00eda Zaj\u00e1rova revel\u00f3 que el canciller Lavrov no aprob\u00f3 una propuesta planteada por su hom\u00f3logo turco Feridun Hadi Sinirlio\u011flu sobre una reuni\u00f3n entre ellos.<\/p>\n<p style=\"text-align: justify\">Zaj\u00e1rova desminti\u00f3 las declaraciones turcas sobre una posible reuni\u00f3n entre los cancilleres ruso y turco en los pr\u00f3ximos d\u00edas, se\u00f1alando que las mismas demuestran otra vez m\u00e1s la falta\u00a0de los principios morales y el respeto en la parte turca.<\/p>\n<p style=\"text-align: justify\"><span style=\"color: #0000ff\">Lavrov conversa con Kerry tras derribo de avi\u00f3n ruso en territorio sirio por Turq\u00eda<\/span><\/p>\n<p style=\"text-align: justify\">\nEl ministro de Exteriores de Rusia, Sergei Lavrov, habl\u00f3 el mi\u00e9rcoles con su par norteamericano, John Kerry, tras el derribo de un caza ruso en el territorio sirio por parte de la fuerza a\u00e9rea turca.<\/p>\n<p style=\"text-align: justify\">En una llamada telef\u00f3nica con el secretario de Estado de Estados Unidos, John Kerry, Lavrov consider\u00f3 el incidente como una violaci\u00f3n flagrante del memorando de entendimiento conjunto ruso-estadounidense para garantizar la seguridad de los sobrevuelos de aviones militares en el espacio a\u00e9reo sirio, de acuerdo con este memorando Estados Unidos se encarg\u00f3 de la responsabilidad de que todos los miembros de la coalici\u00f3n internacional, liderada por Washington, se actuar\u00edan seg\u00fan las regladas establecidas en este memorando, inform\u00f3 un comunicado de la canciller\u00eda rusa.<\/p>\n<p style=\"text-align: justify\">El martes la Fuerza A\u00e9rea del r\u00e9gimen de Erdogan derrib\u00f3 un caza de combate ruso tras cumplir su misi\u00f3n en bombardear posiciones terroristas en Siria.<\/p>\n<p style=\"text-align: justify\">Ambas partes intercambiaron opiniones sobre las perspectivas para el lanzamiento de una soluci\u00f3n pol\u00edtica a la crisis en Siria y se destac\u00f3 de que el requisito necesario para celebrar una nueva reuni\u00f3n ministerial, el grupo de apoyo a Siria, se reflejar\u00eda en la aplicaci\u00f3n de los acuerdos que se han alcanzado en la cumbre de Viena, celebrada el 14 de este mes en curso, agreg\u00f3 el comunicado.<\/p>\n<p style=\"text-align: justify\"><span style=\"color: #0000ff\">Lavrov y Mogherini discuten la situaci\u00f3n en Siria y la lucha contra el terrorismo<\/span><\/p>\n<p style=\"text-align: justify\">La jefa de la diplomacia de la Uni\u00f3n Europea, Federica Mogherini, conf\u00eda en que el derribo del bombardero ruso Su-24 por parte de los cazas turcos no afecte al proceso pol\u00edtico en Siria, asegur\u00f3 el mi\u00e9rcoles su portavoz, Catherine Ray.<\/p>\n<p style=\"text-align: justify\">&#8220;Mogherini ha subrayado la importancia crucial de conservar el espacio pol\u00edtico que fue creado para iniciar un proceso pol\u00edtico en Siria con el acuerdo alcanzado en Viena&#8221;, dijo Ray a los periodistas en Bruselas.<\/p>\n<p style=\"text-align: justify\">Al mismo tiempo rehuy\u00f3 contestar a la pregunta sobre a qui\u00e9n atribuir la responsabilidad por la escalada de la situaci\u00f3n relacionada con el incidente.<\/p>\n<p style=\"text-align: justify\">Asimismo, Mogherini, hizo llegar sus condolencias al ministro de Exteriores de Rusia, Sergu\u00e9i Lavrov, seg\u00fan revela un comunicado del Servicio Europeo de Acci\u00f3n Exterior.<\/p>\n<p style=\"text-align: justify\">&#8220;Mogherini llev\u00f3 a cabo una conversaci\u00f3n telef\u00f3nica con el ministro de Exteriores ruso, Sergu\u00e9i Lavrov, sobre el avi\u00f3n derribado. Expres\u00f3 al canciller Lavrov sus condolencias por la muerte del militar ruso&#8221;, indica el documento.<\/p>\n<p style=\"text-align: justify\">La jefa de la diplomacia europea y el canciller ruso acordaron sostener un encuentro la semana pr\u00f3xima en Belgrado, durante la reuni\u00f3n ministerial de la OSCE.<\/p>\n<p style=\"text-align: justify\">Lvrov y Mogherini coinciden en que el proceso diplom\u00e1tico en Viena para solucionar la crisis siria, que debe ajustarse a las fechas previstas con anterioridad, debe ser protegido, pues es la \u00fanica &#8220;base para derrotar el Estado Isl\u00e1mico sobre el terreno&#8221;, seg\u00fan constata el comunicado.<\/p>\n<p>Lynn A., M.Miri<\/p>\n","protected":false},"excerpt":{"rendered":"<p>Mosc\u00fa, SANA-\u00a0El canciller ruso, Sergu\u00e9i Lavrov se\u00f1al\u00f3 que los terroristas est\u00e1n utilizando\u00a0el territorio turco para preparar sus operaciones en Siria y otros pa\u00edses, recalcando que su pa\u00eds revisar\u00e1 sus relaciones con Turqu\u00eda despu\u00e9s del incidente del derribo del caza ruso. En una rueda de prensa sostenida este mi\u00e9rcoles en Mosc\u00fa para informar sobre los detalles &hellip;<\/p>\n","protected":false},"author":24,"featured_media":34227,"comment_status":"closed","ping_status":"closed","sticky":false,"template":"","format":"standard","meta":{"footnotes":""},"categories":[456,457,576],"tags":[],"class_list":["post-34196","post","type-post","status-publish","format-standard","has-post-thumbnail","","category-arabe-internacional-politica","category-noticias-arabe-internacional-politica","category-noticias-politicas"],"_links":{"self":[{"href":"https:\/\/archive.sana.sy\/es\/index.php?rest_route=\/wp\/v2\/posts\/34196"}],"collection":[{"href":"https:\/\/archive.sana.sy\/es\/index.php?rest_route=\/wp\/v2\/posts"}],"about":[{"href":"https:\/\/archive.sana.sy\/es\/index.php?rest_route=\/wp\/v2\/types\/post"}],"author":[{"embeddable":true,"href":"https:\/\/archive.sana.sy\/es\/index.php?rest_route=\/wp\/v2\/users\/24"}],"replies":[{"embeddable":true,"href":"https:\/\/archive.sana.sy\/es\/index.php?rest_route=%2Fwp%2Fv2%2Fcomments&post=34196"}],"version-history":[{"count":0,"href":"https:\/\/archive.sana.sy\/es\/index.php?rest_route=\/wp\/v2\/posts\/34196\/revisions"}],"wp:featuredmedia":[{"embeddable":true,"href":"https:\/\/archive.sana.sy\/es\/index.php?rest_route=\/wp\/v2\/media\/34227"}],"wp:attachment":[{"href":"https:\/\/archive.sana.sy\/es\/index.php?rest_route=%2Fwp%2Fv2%2Fmedia&parent=34196"}],"wp:term":[{"taxonomy":"category","embeddable":true,"href":"https:\/\/archive.sana.sy\/es\/index.php?rest_route=%2Fwp%2Fv2%2Fcategories&post=34196"},{"taxonomy":"post_tag","embeddable":true,"href":"https:\/\/archive.sana.sy\/es\/index.php?rest_route=%2Fwp%2Fv2%2Ftags&post=34196"}],"curies":[{"name":"wp","href":"https:\/\/api.w.org\/{rel}","templated":true}]}}