{"id":341981,"date":"2024-11-04T18:57:30","date_gmt":"2024-11-04T15:57:30","guid":{"rendered":"https:\/\/sana.sy\/es\/?p=341981"},"modified":"2024-11-04T19:52:16","modified_gmt":"2024-11-04T16:52:16","slug":"agresiones-israelies-en-gaza-dejan-33-muertos-y-156-heridos","status":"publish","type":"post","link":"https:\/\/archive.sana.sy\/es\/?p=341981","title":{"rendered":"Agresiones israel\u00edes en Gaza dejan 33 muertos y 156 heridos"},"content":{"rendered":"<p style=\"text-align: justify;\"><span style=\"color: #800000;\"><strong>Jerusal\u00e9n ocupada, 4 nov (SANA)<\/strong> <\/span>El Ministerio palestino de Salud anunci\u00f3 hoy que las fuerzas de ocupaci\u00f3n israel\u00edes asesinaron durante 394 d\u00edas de continua agresi\u00f3n contra Gaza, 43 mil 374 palestinos mientras 102 mil 261 resultaron heridos, desde el 7 de octubre de 2023.<\/p>\n<p style=\"text-align: justify;\">Seg\u00fan el comunicado diario del Ministerio, durante las \u00faltimas 24 horas, las fuerzas de ocupaci\u00f3n cometieron 3 masacres, con un saldo de 33 muertos y 156 heridos.<\/p>\n<p style=\"text-align: justify;\">Agreg\u00f3 que miles de v\u00edctimas siguen bajo los escombros y en las carreteras, y las ambulancias y los equipos de defensa civil no pueden llegar a ellos.<\/p>\n<p style=\"text-align: justify;\">fm\/ed<\/p>\n","protected":false},"excerpt":{"rendered":"<p>Jerusal\u00e9n ocupada, 4 nov (SANA) El Ministerio palestino de Salud anunci\u00f3 hoy que las fuerzas de ocupaci\u00f3n israel\u00edes asesinaron durante 394 d\u00edas de continua agresi\u00f3n contra Gaza, 43 mil 374 palestinos mientras 102 mil 261 resultaron heridos, desde el 7 de octubre de 2023. Seg\u00fan el comunicado diario del Ministerio, durante las \u00faltimas 24 horas, &hellip;<\/p>\n","protected":false},"author":32,"featured_media":341982,"comment_status":"closed","ping_status":"closed","sticky":false,"template":"","format":"standard","meta":{"footnotes":""},"categories":[597,456,20724,583],"tags":[],"class_list":["post-341981","post","type-post","status-publish","format-standard","has-post-thumbnail","","category-cinta-de-noticias","category-arabe-internacional-politica","category-minuto-a-minuto","category-slide"],"_links":{"self":[{"href":"https:\/\/archive.sana.sy\/es\/index.php?rest_route=\/wp\/v2\/posts\/341981"}],"collection":[{"href":"https:\/\/archive.sana.sy\/es\/index.php?rest_route=\/wp\/v2\/posts"}],"about":[{"href":"https:\/\/archive.sana.sy\/es\/index.php?rest_route=\/wp\/v2\/types\/post"}],"author":[{"embeddable":true,"href":"https:\/\/archive.sana.sy\/es\/index.php?rest_route=\/wp\/v2\/users\/32"}],"replies":[{"embeddable":true,"href":"https:\/\/archive.sana.sy\/es\/index.php?rest_route=%2Fwp%2Fv2%2Fcomments&post=341981"}],"version-history":[{"count":1,"href":"https:\/\/archive.sana.sy\/es\/index.php?rest_route=\/wp\/v2\/posts\/341981\/revisions"}],"predecessor-version":[{"id":341983,"href":"https:\/\/archive.sana.sy\/es\/index.php?rest_route=\/wp\/v2\/posts\/341981\/revisions\/341983"}],"wp:featuredmedia":[{"embeddable":true,"href":"https:\/\/archive.sana.sy\/es\/index.php?rest_route=\/wp\/v2\/media\/341982"}],"wp:attachment":[{"href":"https:\/\/archive.sana.sy\/es\/index.php?rest_route=%2Fwp%2Fv2%2Fmedia&parent=341981"}],"wp:term":[{"taxonomy":"category","embeddable":true,"href":"https:\/\/archive.sana.sy\/es\/index.php?rest_route=%2Fwp%2Fv2%2Fcategories&post=341981"},{"taxonomy":"post_tag","embeddable":true,"href":"https:\/\/archive.sana.sy\/es\/index.php?rest_route=%2Fwp%2Fv2%2Ftags&post=341981"}],"curies":[{"name":"wp","href":"https:\/\/api.w.org\/{rel}","templated":true}]}}