{"id":342004,"date":"2024-11-04T18:09:05","date_gmt":"2024-11-04T15:09:05","guid":{"rendered":"https:\/\/sana.sy\/es\/?p=342004"},"modified":"2024-11-04T18:09:05","modified_gmt":"2024-11-04T15:09:05","slug":"la-presencia-estadounidense-en-la-region-es-la-causa-de-la-inestabilidad-afirma-baghaei","status":"publish","type":"post","link":"https:\/\/archive.sana.sy\/es\/?p=342004","title":{"rendered":"La presencia estadounidense en la regi\u00f3n es la causa de la inestabilidad, afirma Baghaei"},"content":{"rendered":"<p style=\"text-align: justify;\"><span style=\"color: #800000;\"><strong>Teher\u00e1n, 4 nov (SANA) <\/strong><\/span>El portavoz del Ministerio de Asuntos Exteriores iran\u00ed, Ismail Baghaei, afirm\u00f3 que la presencia estadounidense en la regi\u00f3n es el factor principal de la inestabilidad en la regi\u00f3n.<\/p>\n<p style=\"text-align: justify;\">&#8220;Este asunto no afecta nuestra voluntad de defendernos, pero es necesario que los pa\u00edses de la regi\u00f3n trabajen juntos para garantizar la seguridad regional&#8221;, dijo Baghaei hoy en su conferencia de prensa semanal.<\/p>\n<p style=\"text-align: justify;\">\u201cTeher\u00e1n cela por la soberan\u00eda nacional y la integridad territorial de la naci\u00f3n como un principio, y utilizamos todas las capacidades para responder a los ataques de la entidad sionista\u201d, afirm\u00f3 el vocero.<\/p>\n<p style=\"text-align: justify;\">ahs\/fm<\/p>\n","protected":false},"excerpt":{"rendered":"<p>Teher\u00e1n, 4 nov (SANA) El portavoz del Ministerio de Asuntos Exteriores iran\u00ed, Ismail Baghaei, afirm\u00f3 que la presencia estadounidense en la regi\u00f3n es el factor principal de la inestabilidad en la regi\u00f3n. &#8220;Este asunto no afecta nuestra voluntad de defendernos, pero es necesario que los pa\u00edses de la regi\u00f3n trabajen juntos para garantizar la seguridad &hellip;<\/p>\n","protected":false},"author":43,"featured_media":342005,"comment_status":"closed","ping_status":"closed","sticky":false,"template":"","format":"standard","meta":{"footnotes":""},"categories":[597,456,16687,20724,7541],"tags":[],"class_list":["post-342004","post","type-post","status-publish","format-standard","has-post-thumbnail","","category-cinta-de-noticias","category-arabe-internacional-politica","category-internacionales","category-minuto-a-minuto","category-ultimas-noticias"],"_links":{"self":[{"href":"https:\/\/archive.sana.sy\/es\/index.php?rest_route=\/wp\/v2\/posts\/342004"}],"collection":[{"href":"https:\/\/archive.sana.sy\/es\/index.php?rest_route=\/wp\/v2\/posts"}],"about":[{"href":"https:\/\/archive.sana.sy\/es\/index.php?rest_route=\/wp\/v2\/types\/post"}],"author":[{"embeddable":true,"href":"https:\/\/archive.sana.sy\/es\/index.php?rest_route=\/wp\/v2\/users\/43"}],"replies":[{"embeddable":true,"href":"https:\/\/archive.sana.sy\/es\/index.php?rest_route=%2Fwp%2Fv2%2Fcomments&post=342004"}],"version-history":[{"count":1,"href":"https:\/\/archive.sana.sy\/es\/index.php?rest_route=\/wp\/v2\/posts\/342004\/revisions"}],"predecessor-version":[{"id":342006,"href":"https:\/\/archive.sana.sy\/es\/index.php?rest_route=\/wp\/v2\/posts\/342004\/revisions\/342006"}],"wp:featuredmedia":[{"embeddable":true,"href":"https:\/\/archive.sana.sy\/es\/index.php?rest_route=\/wp\/v2\/media\/342005"}],"wp:attachment":[{"href":"https:\/\/archive.sana.sy\/es\/index.php?rest_route=%2Fwp%2Fv2%2Fmedia&parent=342004"}],"wp:term":[{"taxonomy":"category","embeddable":true,"href":"https:\/\/archive.sana.sy\/es\/index.php?rest_route=%2Fwp%2Fv2%2Fcategories&post=342004"},{"taxonomy":"post_tag","embeddable":true,"href":"https:\/\/archive.sana.sy\/es\/index.php?rest_route=%2Fwp%2Fv2%2Ftags&post=342004"}],"curies":[{"name":"wp","href":"https:\/\/api.w.org\/{rel}","templated":true}]}}