{"id":342101,"date":"2024-11-06T05:21:22","date_gmt":"2024-11-06T02:21:22","guid":{"rendered":"https:\/\/sana.sy\/es\/?p=342101"},"modified":"2024-11-06T05:21:45","modified_gmt":"2024-11-06T02:21:45","slug":"nicaragua-reitera-solidaridad-y-apoyo-a-palestina","status":"publish","type":"post","link":"https:\/\/archive.sana.sy\/es\/?p=342101","title":{"rendered":"Nicaragua reitera solidaridad y apoyo a Palestina"},"content":{"rendered":"<blockquote>\n<p style=\"text-align: justify;\"><span style=\"color: #993300;\">\u201cNicaragua comparte lazos hist\u00f3ricos y expresiones mutuas de fraternidad y solidaridad con Palestina, siendo el primer pa\u00eds centroamericano en establecer relaciones diplom\u00e1ticas con la Organizaci\u00f3n para la Liberaci\u00f3n de Palestina (OLP) en 1979 y de los primeros pa\u00edses en reconocer oficialmente a Palestina como Estado independiente\u201d<\/span><\/p>\n<\/blockquote>\n<p style=\"text-align: justify;\"><span style=\"color: #800000;\"><strong>Managua, 6 nov (SANA)<\/strong><\/span> El canciller de Nicaragua, Valdrack Jaentschke, reiter\u00f3 la posici\u00f3n firme y solidaria del Gobierno sandinista en apoyo a Palestina y reafirm\u00f3 el compromiso con el Estado de Derecho a nivel internacional.<\/p>\n<p style=\"text-align: justify;\">A trav\u00e9s de una misiva dirigida al secretario general de la ONU, Ant\u00f3nio Guterres, Jaentschke se\u00f1al\u00f3 que Nicaragua defiende y promueve el multilateralismo, construyendo relaciones basadas en el respeto, igualdad, solidaridad, cooperaci\u00f3n mutua y la autodeterminaci\u00f3n de los pueblos.<\/p>\n<p style=\"text-align: justify;\"><img loading=\"lazy\" decoding=\"async\" class=\"wp-image-342102 alignleft\" src=\"http:\/\/sana.sy\/es\/wp-content\/uploads\/2024\/11\/Valdrack-Jaentschke-1-2.jpg\" alt=\"\" width=\"307\" height=\"192\" srcset=\"https:\/\/archive.sana.sy\/es\/wp-content\/uploads\/2024\/11\/Valdrack-Jaentschke-1-2.jpg 825w, https:\/\/archive.sana.sy\/es\/wp-content\/uploads\/2024\/11\/Valdrack-Jaentschke-1-2-300x188.jpg 300w, https:\/\/archive.sana.sy\/es\/wp-content\/uploads\/2024\/11\/Valdrack-Jaentschke-1-2-150x94.jpg 150w, https:\/\/archive.sana.sy\/es\/wp-content\/uploads\/2024\/11\/Valdrack-Jaentschke-1-2-768x480.jpg 768w\" sizes=\"(max-width: 307px) 100vw, 307px\" \/>A\u00f1adi\u00f3 que defienden y cumplen con el Derecho Internacional y los principios de la Carta de las Naciones Unidas y aboga por el respeto irrestricto de la soberan\u00eda, integridad territorial, independencia y el derecho a la autodeterminaci\u00f3n.<\/p>\n<p style=\"text-align: justify;\">\u201cNicaragua comparte lazos hist\u00f3ricos y expresiones mutuas de fraternidad y solidaridad con Palestina, siendo el primer pa\u00eds centroamericano en establecer relaciones diplom\u00e1ticas con la Organizaci\u00f3n para la Liberaci\u00f3n de Palestina (OLP) en 1979 y de los primeros pa\u00edses en reconocer oficialmente a Palestina como Estado independiente\u201d, record\u00f3.<\/p>\n<p style=\"text-align: justify;\">\u201cEn 2008, la Asamblea General de la ONU aprob\u00f3 el nombramiento de Nicaragua como miembro del comit\u00e9 para el ejercicio de los derechos inalienables del pueblo palestino, y con motivo de la primera ampliaci\u00f3n de su Bur\u00f3, en 2013, Nicaragua fue electa como vicepresidenta del Comit\u00e9\u201d, destac\u00f3.<\/p>\n<p style=\"text-align: justify;\">Aludi\u00f3 al papel activo de Nicaragua en la voluntad por ejercer sus Derechos Inalienables a la autodeterminaci\u00f3n y soberan\u00eda de Palestina, as\u00ed como la materializaci\u00f3n de un Estado independiente conforme con las fronteras de 1967 y con Jerusal\u00e9n Oriental como su Capital.<\/p>\n<p style=\"text-align: justify;\">fm<\/p>\n","protected":false},"excerpt":{"rendered":"<p>\u201cNicaragua comparte lazos hist\u00f3ricos y expresiones mutuas de fraternidad y solidaridad con Palestina, siendo el primer pa\u00eds centroamericano en establecer relaciones diplom\u00e1ticas con la Organizaci\u00f3n para la Liberaci\u00f3n de Palestina (OLP) en 1979 y de los primeros pa\u00edses en reconocer oficialmente a Palestina como Estado independiente\u201d Managua, 6 nov (SANA) El canciller de Nicaragua, Valdrack &hellip;<\/p>\n","protected":false},"author":34,"featured_media":342104,"comment_status":"closed","ping_status":"closed","sticky":false,"template":"","format":"standard","meta":{"footnotes":""},"categories":[597,456,20724,7541],"tags":[],"class_list":["post-342101","post","type-post","status-publish","format-standard","has-post-thumbnail","","category-cinta-de-noticias","category-arabe-internacional-politica","category-minuto-a-minuto","category-ultimas-noticias"],"_links":{"self":[{"href":"https:\/\/archive.sana.sy\/es\/index.php?rest_route=\/wp\/v2\/posts\/342101"}],"collection":[{"href":"https:\/\/archive.sana.sy\/es\/index.php?rest_route=\/wp\/v2\/posts"}],"about":[{"href":"https:\/\/archive.sana.sy\/es\/index.php?rest_route=\/wp\/v2\/types\/post"}],"author":[{"embeddable":true,"href":"https:\/\/archive.sana.sy\/es\/index.php?rest_route=\/wp\/v2\/users\/34"}],"replies":[{"embeddable":true,"href":"https:\/\/archive.sana.sy\/es\/index.php?rest_route=%2Fwp%2Fv2%2Fcomments&post=342101"}],"version-history":[{"count":1,"href":"https:\/\/archive.sana.sy\/es\/index.php?rest_route=\/wp\/v2\/posts\/342101\/revisions"}],"predecessor-version":[{"id":342103,"href":"https:\/\/archive.sana.sy\/es\/index.php?rest_route=\/wp\/v2\/posts\/342101\/revisions\/342103"}],"wp:featuredmedia":[{"embeddable":true,"href":"https:\/\/archive.sana.sy\/es\/index.php?rest_route=\/wp\/v2\/media\/342104"}],"wp:attachment":[{"href":"https:\/\/archive.sana.sy\/es\/index.php?rest_route=%2Fwp%2Fv2%2Fmedia&parent=342101"}],"wp:term":[{"taxonomy":"category","embeddable":true,"href":"https:\/\/archive.sana.sy\/es\/index.php?rest_route=%2Fwp%2Fv2%2Fcategories&post=342101"},{"taxonomy":"post_tag","embeddable":true,"href":"https:\/\/archive.sana.sy\/es\/index.php?rest_route=%2Fwp%2Fv2%2Ftags&post=342101"}],"curies":[{"name":"wp","href":"https:\/\/api.w.org\/{rel}","templated":true}]}}