{"id":342105,"date":"2024-11-06T05:28:33","date_gmt":"2024-11-06T02:28:33","guid":{"rendered":"https:\/\/sana.sy\/es\/?p=342105"},"modified":"2024-11-06T17:09:36","modified_gmt":"2024-11-06T14:09:36","slug":"venezuela-destacan-mensaje-de-resistencia-del-pueblo-palestino","status":"publish","type":"post","link":"https:\/\/archive.sana.sy\/es\/?p=342105","title":{"rendered":"Venezuela destaca mensaje de resistencia del pueblo palestino"},"content":{"rendered":"<blockquote>\n<p style=\"text-align: justify\"><span style=\"color: #993300\">&#8220;Cuando hemos visto a ni\u00f1os asistir a clases sobre ruinas y cementerios humanos es el \u201cmensaje profundo y tremendo de que hay un futuro y una esperanza\u201d para la humanidad&#8221;<\/span><\/p>\n<\/blockquote>\n<p style=\"text-align: justify\"><span style=\"color: #800000\"><strong>Caracas, 6 nov (SANA)<\/strong> <\/span>La vicepresidenta ejecutiva de Venezuela, Delcy Rodr\u00edguez, destac\u00f3 el mensaje de resistencia de Palestina como esperanza para los pueblos del mundo.<\/p>\n<p style=\"text-align: justify\">Cuando hemos visto a ni\u00f1os asistir a clases sobre ruinas y cementerios humanos es el \u201cmensaje profundo y tremendo de que hay un futuro y una esperanza\u201d para la humanidad, afirm\u00f3 la vicemandataria en el segundo d\u00eda y final del Foro Parlamentario Mundial Antifascista, citada por Prensa Latina.<\/p>\n<p style=\"text-align: justify\">Rodr\u00edguez insisti\u00f3 que eso nos da \u00e1nimo y permite seguir respirando porque sabemos que en esa resistencia \u201chay un mensaje muy profundo y fuerte de lo que es la vida y la humanidad\u201d.<\/p>\n<p style=\"text-align: justify\">La vicemandataria manifest\u00f3 que el sionismo como concepto pol\u00edtico e ideol\u00f3gico es un movimiento fascista que niega la vida, no le importa el extermino de miles de mujeres, ni\u00f1os y aniquilar el futuro de un pueblo.<\/p>\n<p style=\"text-align: justify\">Al referirse a la situaci\u00f3n que vive el mundo hoy, Rodr\u00edguez opin\u00f3 se trata de una nueva reconfiguraci\u00f3n pol\u00edtica y una nueva construcci\u00f3n para una morfolog\u00eda econ\u00f3mica internacional distinta a la impuesta por el imperio con su hegemon\u00eda del d\u00f3lar.<\/p>\n<p style=\"text-align: justify\">Rodr\u00edguez llam\u00f3 a tejer la uni\u00f3n mundial a favor de la vida, la paz, los procesos democr\u00e1ticos de los pueblos y la libertad, como se ha expresado en este foro.<\/p>\n<p style=\"text-align: justify\">fm<\/p>\n","protected":false},"excerpt":{"rendered":"<p>&#8220;Cuando hemos visto a ni\u00f1os asistir a clases sobre ruinas y cementerios humanos es el \u201cmensaje profundo y tremendo de que hay un futuro y una esperanza\u201d para la humanidad&#8221; Caracas, 6 nov (SANA) La vicepresidenta ejecutiva de Venezuela, Delcy Rodr\u00edguez, destac\u00f3 el mensaje de resistencia de Palestina como esperanza para los pueblos del mundo. &hellip;<\/p>\n","protected":false},"author":34,"featured_media":342106,"comment_status":"closed","ping_status":"closed","sticky":false,"template":"","format":"standard","meta":{"footnotes":""},"categories":[597,456,20724,583],"tags":[],"class_list":["post-342105","post","type-post","status-publish","format-standard","has-post-thumbnail","","category-cinta-de-noticias","category-arabe-internacional-politica","category-minuto-a-minuto","category-slide"],"_links":{"self":[{"href":"https:\/\/archive.sana.sy\/es\/index.php?rest_route=\/wp\/v2\/posts\/342105"}],"collection":[{"href":"https:\/\/archive.sana.sy\/es\/index.php?rest_route=\/wp\/v2\/posts"}],"about":[{"href":"https:\/\/archive.sana.sy\/es\/index.php?rest_route=\/wp\/v2\/types\/post"}],"author":[{"embeddable":true,"href":"https:\/\/archive.sana.sy\/es\/index.php?rest_route=\/wp\/v2\/users\/34"}],"replies":[{"embeddable":true,"href":"https:\/\/archive.sana.sy\/es\/index.php?rest_route=%2Fwp%2Fv2%2Fcomments&post=342105"}],"version-history":[{"count":2,"href":"https:\/\/archive.sana.sy\/es\/index.php?rest_route=\/wp\/v2\/posts\/342105\/revisions"}],"predecessor-version":[{"id":342132,"href":"https:\/\/archive.sana.sy\/es\/index.php?rest_route=\/wp\/v2\/posts\/342105\/revisions\/342132"}],"wp:featuredmedia":[{"embeddable":true,"href":"https:\/\/archive.sana.sy\/es\/index.php?rest_route=\/wp\/v2\/media\/342106"}],"wp:attachment":[{"href":"https:\/\/archive.sana.sy\/es\/index.php?rest_route=%2Fwp%2Fv2%2Fmedia&parent=342105"}],"wp:term":[{"taxonomy":"category","embeddable":true,"href":"https:\/\/archive.sana.sy\/es\/index.php?rest_route=%2Fwp%2Fv2%2Fcategories&post=342105"},{"taxonomy":"post_tag","embeddable":true,"href":"https:\/\/archive.sana.sy\/es\/index.php?rest_route=%2Fwp%2Fv2%2Ftags&post=342105"}],"curies":[{"name":"wp","href":"https:\/\/api.w.org\/{rel}","templated":true}]}}