{"id":342122,"date":"2024-11-06T15:12:50","date_gmt":"2024-11-06T12:12:50","guid":{"rendered":"https:\/\/sana.sy\/es\/?p=342122"},"modified":"2024-11-06T15:12:50","modified_gmt":"2024-11-06T12:12:50","slug":"colonos-israelies-arrancan-mas-de-500-olivos-palestinos-al-sur-de-naplusa","status":"publish","type":"post","link":"https:\/\/archive.sana.sy\/es\/?p=342122","title":{"rendered":"Colonos israel\u00edes arrancan m\u00e1s de 500 olivos palestinos al sur de Naplusa"},"content":{"rendered":"<p style=\"text-align: justify;\"><span style=\"color: #800000;\"><strong>Jerusal\u00e9n ocupada, 6 nov (SANA)<\/strong><\/span> Los colonos israel\u00edes cortaron y arrancaron m\u00e1s de 500 olivos en la aldea de Qaryut, al sur de la ciudad de Naplusa, en Cisjordania.<\/p>\n<p style=\"text-align: justify;\">El alcalde de la referida aldea Youssef Al-Haj Muhammad, declar\u00f3 a la agencia Wafa que el ocupante bloque\u00f3 el acceso de los agricultores a sus tierras durante dos a\u00f1os, y cuando pudieron entrar, fueron sorprendidos por los colonos talando m\u00e1s de 500 olivos longevos.<\/p>\n<p style=\"text-align: justify;\">A\u00f1adi\u00f3 que las fuerzas de ocupaci\u00f3n atacaron a los agricultores, confiscaron equipos de recolecci\u00f3n de aceitunas y los obligaron a abandonar sus tierras.<\/p>\n<p style=\"text-align: justify;\">Seg\u00fan la Comisi\u00f3n de Resistencia al Muro y los Asentamientos, desde el comienzo de la temporada de recolecci\u00f3n de aceitunas este a\u00f1o hasta principios de este mes, los colonos y las fuerzas de ocupaci\u00f3n llevaron a cabo 239 ataques contra los campesinos, durante los cuales varios agricultores murieron o resultaron heridos, as\u00ed como quemaron y talaron olivos, robaron cosechas e impidieron a decenas de personas de llegar a sus tierras.<\/p>\n<p style=\"text-align: justify;\">fm\/as<\/p>\n","protected":false},"excerpt":{"rendered":"<p>Jerusal\u00e9n ocupada, 6 nov (SANA) Los colonos israel\u00edes cortaron y arrancaron m\u00e1s de 500 olivos en la aldea de Qaryut, al sur de la ciudad de Naplusa, en Cisjordania. El alcalde de la referida aldea Youssef Al-Haj Muhammad, declar\u00f3 a la agencia Wafa que el ocupante bloque\u00f3 el acceso de los agricultores a sus tierras &hellip;<\/p>\n","protected":false},"author":42,"featured_media":342123,"comment_status":"closed","ping_status":"closed","sticky":false,"template":"","format":"standard","meta":{"footnotes":""},"categories":[597,456,16687,20724,7541],"tags":[],"class_list":["post-342122","post","type-post","status-publish","format-standard","has-post-thumbnail","","category-cinta-de-noticias","category-arabe-internacional-politica","category-internacionales","category-minuto-a-minuto","category-ultimas-noticias"],"_links":{"self":[{"href":"https:\/\/archive.sana.sy\/es\/index.php?rest_route=\/wp\/v2\/posts\/342122"}],"collection":[{"href":"https:\/\/archive.sana.sy\/es\/index.php?rest_route=\/wp\/v2\/posts"}],"about":[{"href":"https:\/\/archive.sana.sy\/es\/index.php?rest_route=\/wp\/v2\/types\/post"}],"author":[{"embeddable":true,"href":"https:\/\/archive.sana.sy\/es\/index.php?rest_route=\/wp\/v2\/users\/42"}],"replies":[{"embeddable":true,"href":"https:\/\/archive.sana.sy\/es\/index.php?rest_route=%2Fwp%2Fv2%2Fcomments&post=342122"}],"version-history":[{"count":1,"href":"https:\/\/archive.sana.sy\/es\/index.php?rest_route=\/wp\/v2\/posts\/342122\/revisions"}],"predecessor-version":[{"id":342124,"href":"https:\/\/archive.sana.sy\/es\/index.php?rest_route=\/wp\/v2\/posts\/342122\/revisions\/342124"}],"wp:featuredmedia":[{"embeddable":true,"href":"https:\/\/archive.sana.sy\/es\/index.php?rest_route=\/wp\/v2\/media\/342123"}],"wp:attachment":[{"href":"https:\/\/archive.sana.sy\/es\/index.php?rest_route=%2Fwp%2Fv2%2Fmedia&parent=342122"}],"wp:term":[{"taxonomy":"category","embeddable":true,"href":"https:\/\/archive.sana.sy\/es\/index.php?rest_route=%2Fwp%2Fv2%2Fcategories&post=342122"},{"taxonomy":"post_tag","embeddable":true,"href":"https:\/\/archive.sana.sy\/es\/index.php?rest_route=%2Fwp%2Fv2%2Ftags&post=342122"}],"curies":[{"name":"wp","href":"https:\/\/api.w.org\/{rel}","templated":true}]}}