{"id":342125,"date":"2024-11-06T15:17:45","date_gmt":"2024-11-06T12:17:45","guid":{"rendered":"https:\/\/sana.sy\/es\/?p=342125"},"modified":"2024-11-06T15:18:30","modified_gmt":"2024-11-06T12:18:30","slug":"la-situacion-en-el-norte-de-gaza-no-es-apta-para-la-vida-afirma-las-naciones-unidas","status":"publish","type":"post","link":"https:\/\/archive.sana.sy\/es\/?p=342125","title":{"rendered":"La situaci\u00f3n en el norte de Gaza no es apta para la vida, afirma las Naciones Unidas"},"content":{"rendered":"<p style=\"text-align: justify;\"><span style=\"color: #800000;\"><strong>Jerusal\u00e9n ocupada, 6 nov (SANA)<\/strong><\/span> El coordinador de Naciones Unidas para Asuntos Humanitarios en los Territorios Palestinos Ocupados, Muhannad Hadi, afirm\u00f3 que la situaci\u00f3n en el norte de la Franja de Gaza es miserable, y que la regi\u00f3n no es apta para la vida a consecuencia de la guerra de exterminio desatada por el ocupante israel\u00ed.<\/p>\n<p style=\"text-align: justify;\">\u201cLo que vi ahora es completamente diferente a lo que vi en el norte de Gaza en septiembre. Vimos familias y personas viviendo unas encima de otras, y la situaci\u00f3n aqu\u00ed no es insoportable\u201d, dijo Hadi despu\u00e9s de su visita a la escuela Al-Mamouniya de la UNRWA, que alberga a personas desplazadas en la ciudad de Gaza.<\/p>\n<p style=\"text-align: justify;\">Agreg\u00f3 que en septiembre se alojaban en esta escuela 500 personas, y ahora hay m\u00e1s de 1.500 personas que no tienen ning\u00fan servicio y all\u00ed hay escasez de alimentos, y la situaci\u00f3n es insoportable y las aguas residuales y los desechos est\u00e1n por todas partes.<\/p>\n<p style=\"text-align: justify;\">El funcionario se\u00f1al\u00f3 que escuch\u00f3 historias horribles de la gente que conoci\u00f3 en el norte de Gaza, e indic\u00f3 que nadie puede soportar lo que est\u00e1n pasando las v\u00edctimas de esta agresi\u00f3n, que debe ser detenida.<\/p>\n<p style=\"text-align: justify;\">fm\/as<\/p>\n","protected":false},"excerpt":{"rendered":"<p>Jerusal\u00e9n ocupada, 6 nov (SANA) El coordinador de Naciones Unidas para Asuntos Humanitarios en los Territorios Palestinos Ocupados, Muhannad Hadi, afirm\u00f3 que la situaci\u00f3n en el norte de la Franja de Gaza es miserable, y que la regi\u00f3n no es apta para la vida a consecuencia de la guerra de exterminio desatada por el ocupante &hellip;<\/p>\n","protected":false},"author":42,"featured_media":342126,"comment_status":"closed","ping_status":"closed","sticky":false,"template":"","format":"standard","meta":{"footnotes":""},"categories":[597,456,16687,20724,7541],"tags":[],"class_list":["post-342125","post","type-post","status-publish","format-standard","has-post-thumbnail","","category-cinta-de-noticias","category-arabe-internacional-politica","category-internacionales","category-minuto-a-minuto","category-ultimas-noticias"],"_links":{"self":[{"href":"https:\/\/archive.sana.sy\/es\/index.php?rest_route=\/wp\/v2\/posts\/342125"}],"collection":[{"href":"https:\/\/archive.sana.sy\/es\/index.php?rest_route=\/wp\/v2\/posts"}],"about":[{"href":"https:\/\/archive.sana.sy\/es\/index.php?rest_route=\/wp\/v2\/types\/post"}],"author":[{"embeddable":true,"href":"https:\/\/archive.sana.sy\/es\/index.php?rest_route=\/wp\/v2\/users\/42"}],"replies":[{"embeddable":true,"href":"https:\/\/archive.sana.sy\/es\/index.php?rest_route=%2Fwp%2Fv2%2Fcomments&post=342125"}],"version-history":[{"count":1,"href":"https:\/\/archive.sana.sy\/es\/index.php?rest_route=\/wp\/v2\/posts\/342125\/revisions"}],"predecessor-version":[{"id":342127,"href":"https:\/\/archive.sana.sy\/es\/index.php?rest_route=\/wp\/v2\/posts\/342125\/revisions\/342127"}],"wp:featuredmedia":[{"embeddable":true,"href":"https:\/\/archive.sana.sy\/es\/index.php?rest_route=\/wp\/v2\/media\/342126"}],"wp:attachment":[{"href":"https:\/\/archive.sana.sy\/es\/index.php?rest_route=%2Fwp%2Fv2%2Fmedia&parent=342125"}],"wp:term":[{"taxonomy":"category","embeddable":true,"href":"https:\/\/archive.sana.sy\/es\/index.php?rest_route=%2Fwp%2Fv2%2Fcategories&post=342125"},{"taxonomy":"post_tag","embeddable":true,"href":"https:\/\/archive.sana.sy\/es\/index.php?rest_route=%2Fwp%2Fv2%2Ftags&post=342125"}],"curies":[{"name":"wp","href":"https:\/\/api.w.org\/{rel}","templated":true}]}}