{"id":342137,"date":"2024-11-06T18:06:22","date_gmt":"2024-11-06T15:06:22","guid":{"rendered":"https:\/\/sana.sy\/es\/?p=342137"},"modified":"2024-11-06T18:06:22","modified_gmt":"2024-11-06T15:06:22","slug":"israel-ataca-beirut-y-suman-mas-de-tres-mil-los-martires-por-agresiones-israelies-contra-libano","status":"publish","type":"post","link":"https:\/\/archive.sana.sy\/es\/?p=342137","title":{"rendered":"&#8220;Israel&#8221; ataca Beirut y suman m\u00e1s de tres mil los m\u00e1rtires por agresiones israel\u00edes contra L\u00edbano"},"content":{"rendered":"<p style=\"text-align: justify\"><span style=\"color: #800000\"><strong>Beirut, 6 nov (SANA)<\/strong><\/span> El Ministerio de Salud liban\u00e9s confirm\u00f3 20 muertos y 14 lesionados en un balance no definitivo de la incursi\u00f3n a\u00e9rea israel\u00ed contra el poblado de Burja, en la regi\u00f3n de Al-Chouf.<\/p>\n<p style=\"text-align: justify\">Los cazas israel\u00edes atacaron tambi\u00e9n varios barrios del suburbio sur de Beirut, la capital libanesa, dejando enorme destrucci\u00f3n en edificios residenciales.<\/p>\n<p style=\"text-align: justify\">Una incursi\u00f3n a\u00e9rea tuvo como objetivo una casa en el barrio norte de la localidad de Al-Ain, en el norte de la Bekaa, al este de la naci\u00f3n.<\/p>\n<p style=\"text-align: justify\">En el distrito de Nabatieh, las fuerzas de Israel atacaron las zonas de Yahmar al-Shaqif y Arnoun, en medio de bombardeos de artiller\u00eda sobre el \u00e1rea del este de Yahmar.<\/p>\n<p style=\"text-align: justify\">Tambi\u00e9n el enemigo agredi\u00f3 las aldeas de Kafarsir, Jabshit, Khiam, Ain Qana en la regi\u00f3n de Iqlim al-Tuffah, Shaqra, Wadi al-Saluki y los alrededores de la localidad de Qabrikha.<\/p>\n<p style=\"text-align: justify\">La agresi\u00f3n contra el pa\u00eds ocasion\u00f3 m\u00e1s de tres mil muertos y 13 mil 550 heridos.<\/p>\n<div id='gallery-1' class='gallery galleryid-342137 gallery-columns-1 gallery-size-full'><figure class='gallery-item'>\n\t\t\t<div class='gallery-icon landscape'>\n\t\t\t\t<a href='https:\/\/archive.sana.sy\/es\/wp-content\/uploads\/2024\/11\/Israel-ataca-Beirut-y-suman-mas-de-tres-mil-los-martires-por-agresiones-israelies-contra-Libano-1.jpg'><img loading=\"lazy\" decoding=\"async\" width=\"1280\" height=\"720\" src=\"https:\/\/archive.sana.sy\/es\/wp-content\/uploads\/2024\/11\/Israel-ataca-Beirut-y-suman-mas-de-tres-mil-los-martires-por-agresiones-israelies-contra-Libano-1.jpg\" class=\"attachment-full size-full\" alt=\"\" srcset=\"https:\/\/archive.sana.sy\/es\/wp-content\/uploads\/2024\/11\/Israel-ataca-Beirut-y-suman-mas-de-tres-mil-los-martires-por-agresiones-israelies-contra-Libano-1.jpg 1280w, https:\/\/archive.sana.sy\/es\/wp-content\/uploads\/2024\/11\/Israel-ataca-Beirut-y-suman-mas-de-tres-mil-los-martires-por-agresiones-israelies-contra-Libano-1-300x169.jpg 300w, https:\/\/archive.sana.sy\/es\/wp-content\/uploads\/2024\/11\/Israel-ataca-Beirut-y-suman-mas-de-tres-mil-los-martires-por-agresiones-israelies-contra-Libano-1-1024x576.jpg 1024w, https:\/\/archive.sana.sy\/es\/wp-content\/uploads\/2024\/11\/Israel-ataca-Beirut-y-suman-mas-de-tres-mil-los-martires-por-agresiones-israelies-contra-Libano-1-150x84.jpg 150w, https:\/\/archive.sana.sy\/es\/wp-content\/uploads\/2024\/11\/Israel-ataca-Beirut-y-suman-mas-de-tres-mil-los-martires-por-agresiones-israelies-contra-Libano-1-768x432.jpg 768w\" sizes=\"(max-width: 1280px) 100vw, 1280px\" \/><\/a>\n\t\t\t<\/div><\/figure><figure class='gallery-item'>\n\t\t\t<div class='gallery-icon landscape'>\n\t\t\t\t<a href='https:\/\/archive.sana.sy\/es\/wp-content\/uploads\/2024\/11\/Israel-ataca-Beirut-y-suman-mas-de-tres-mil-los-martires-por-agresiones-israelies-contra-Libano-2.jpg'><img loading=\"lazy\" decoding=\"async\" width=\"1280\" height=\"960\" src=\"https:\/\/archive.sana.sy\/es\/wp-content\/uploads\/2024\/11\/Israel-ataca-Beirut-y-suman-mas-de-tres-mil-los-martires-por-agresiones-israelies-contra-Libano-2.jpg\" class=\"attachment-full size-full\" alt=\"\" srcset=\"https:\/\/archive.sana.sy\/es\/wp-content\/uploads\/2024\/11\/Israel-ataca-Beirut-y-suman-mas-de-tres-mil-los-martires-por-agresiones-israelies-contra-Libano-2.jpg 1280w, https:\/\/archive.sana.sy\/es\/wp-content\/uploads\/2024\/11\/Israel-ataca-Beirut-y-suman-mas-de-tres-mil-los-martires-por-agresiones-israelies-contra-Libano-2-300x225.jpg 300w, https:\/\/archive.sana.sy\/es\/wp-content\/uploads\/2024\/11\/Israel-ataca-Beirut-y-suman-mas-de-tres-mil-los-martires-por-agresiones-israelies-contra-Libano-2-1024x768.jpg 1024w, https:\/\/archive.sana.sy\/es\/wp-content\/uploads\/2024\/11\/Israel-ataca-Beirut-y-suman-mas-de-tres-mil-los-martires-por-agresiones-israelies-contra-Libano-2-150x113.jpg 150w, https:\/\/archive.sana.sy\/es\/wp-content\/uploads\/2024\/11\/Israel-ataca-Beirut-y-suman-mas-de-tres-mil-los-martires-por-agresiones-israelies-contra-Libano-2-768x576.jpg 768w\" sizes=\"(max-width: 1280px) 100vw, 1280px\" \/><\/a>\n\t\t\t<\/div><\/figure><figure class='gallery-item'>\n\t\t\t<div class='gallery-icon portrait'>\n\t\t\t\t<a href='https:\/\/archive.sana.sy\/es\/wp-content\/uploads\/2024\/11\/Israel-ataca-Beirut-y-suman-mas-de-tres-mil-los-martires-por-agresiones-israelies-contra-Libano-3.jpg'><img loading=\"lazy\" decoding=\"async\" width=\"720\" height=\"1280\" src=\"https:\/\/archive.sana.sy\/es\/wp-content\/uploads\/2024\/11\/Israel-ataca-Beirut-y-suman-mas-de-tres-mil-los-martires-por-agresiones-israelies-contra-Libano-3.jpg\" class=\"attachment-full size-full\" alt=\"\" srcset=\"https:\/\/archive.sana.sy\/es\/wp-content\/uploads\/2024\/11\/Israel-ataca-Beirut-y-suman-mas-de-tres-mil-los-martires-por-agresiones-israelies-contra-Libano-3.jpg 720w, https:\/\/archive.sana.sy\/es\/wp-content\/uploads\/2024\/11\/Israel-ataca-Beirut-y-suman-mas-de-tres-mil-los-martires-por-agresiones-israelies-contra-Libano-3-169x300.jpg 169w, https:\/\/archive.sana.sy\/es\/wp-content\/uploads\/2024\/11\/Israel-ataca-Beirut-y-suman-mas-de-tres-mil-los-martires-por-agresiones-israelies-contra-Libano-3-576x1024.jpg 576w, https:\/\/archive.sana.sy\/es\/wp-content\/uploads\/2024\/11\/Israel-ataca-Beirut-y-suman-mas-de-tres-mil-los-martires-por-agresiones-israelies-contra-Libano-3-84x150.jpg 84w\" sizes=\"(max-width: 720px) 100vw, 720px\" \/><\/a>\n\t\t\t<\/div><\/figure>\n\t\t<\/div>\n\n<p>&nbsp;<\/p>\n<p style=\"text-align: justify\">fm\/la<\/p>\n","protected":false},"excerpt":{"rendered":"<p>Beirut, 6 nov (SANA) El Ministerio de Salud liban\u00e9s confirm\u00f3 20 muertos y 14 lesionados en un balance no definitivo de la incursi\u00f3n a\u00e9rea israel\u00ed contra el poblado de Burja, en la regi\u00f3n de Al-Chouf. Los cazas israel\u00edes atacaron tambi\u00e9n varios barrios del suburbio sur de Beirut, la capital libanesa, dejando enorme destrucci\u00f3n en edificios &hellip;<\/p>\n","protected":false},"author":24,"featured_media":342139,"comment_status":"closed","ping_status":"closed","sticky":false,"template":"","format":"standard","meta":{"footnotes":""},"categories":[597,456,20724,583],"tags":[],"class_list":["post-342137","post","type-post","status-publish","format-standard","has-post-thumbnail","","category-cinta-de-noticias","category-arabe-internacional-politica","category-minuto-a-minuto","category-slide"],"_links":{"self":[{"href":"https:\/\/archive.sana.sy\/es\/index.php?rest_route=\/wp\/v2\/posts\/342137"}],"collection":[{"href":"https:\/\/archive.sana.sy\/es\/index.php?rest_route=\/wp\/v2\/posts"}],"about":[{"href":"https:\/\/archive.sana.sy\/es\/index.php?rest_route=\/wp\/v2\/types\/post"}],"author":[{"embeddable":true,"href":"https:\/\/archive.sana.sy\/es\/index.php?rest_route=\/wp\/v2\/users\/24"}],"replies":[{"embeddable":true,"href":"https:\/\/archive.sana.sy\/es\/index.php?rest_route=%2Fwp%2Fv2%2Fcomments&post=342137"}],"version-history":[{"count":1,"href":"https:\/\/archive.sana.sy\/es\/index.php?rest_route=\/wp\/v2\/posts\/342137\/revisions"}],"predecessor-version":[{"id":342141,"href":"https:\/\/archive.sana.sy\/es\/index.php?rest_route=\/wp\/v2\/posts\/342137\/revisions\/342141"}],"wp:featuredmedia":[{"embeddable":true,"href":"https:\/\/archive.sana.sy\/es\/index.php?rest_route=\/wp\/v2\/media\/342139"}],"wp:attachment":[{"href":"https:\/\/archive.sana.sy\/es\/index.php?rest_route=%2Fwp%2Fv2%2Fmedia&parent=342137"}],"wp:term":[{"taxonomy":"category","embeddable":true,"href":"https:\/\/archive.sana.sy\/es\/index.php?rest_route=%2Fwp%2Fv2%2Fcategories&post=342137"},{"taxonomy":"post_tag","embeddable":true,"href":"https:\/\/archive.sana.sy\/es\/index.php?rest_route=%2Fwp%2Fv2%2Ftags&post=342137"}],"curies":[{"name":"wp","href":"https:\/\/api.w.org\/{rel}","templated":true}]}}