{"id":342145,"date":"2024-11-06T19:37:42","date_gmt":"2024-11-06T16:37:42","guid":{"rendered":"https:\/\/sana.sy\/es\/?p=342145"},"modified":"2024-11-06T19:37:42","modified_gmt":"2024-11-06T16:37:42","slug":"qassem-no-hay-lugar-dentro-de-la-entidad-israeli-al-abrigo-de-nuestros-misiles","status":"publish","type":"post","link":"https:\/\/archive.sana.sy\/es\/?p=342145","title":{"rendered":"Qassem: No hay lugar dentro de la entidad israel\u00ed al abrigo de nuestros misiles"},"content":{"rendered":"<p style=\"text-align: justify\"><span style=\"color: #800000\"><strong>Beirut, 6 (SANA)<\/strong><\/span> El Secretario General de Hezbol\u00e1 se\u00f1al\u00f3, jeque Naim Qassem, destac\u00f3 que solo el campo de batalla puede detener la guerra de agresi\u00f3n israel\u00ed contra el L\u00edbano.<\/p>\n<p style=\"text-align: justify\">Este se concreta a trav\u00e9s de los combatientes de la Resistencia en la frontera sur, y la lluvia de misiles y drones que lanza la Resistencia contra la entidad ocupante hasta que pague un precio alto, asever\u00f3 durante un discurso con motivo de 40 d\u00edas al martirio de Sayyed Hassan Nasrallah.<\/p>\n<p style=\"text-align: justify\">La Resistencia cuenta con decenas de miles de combatientes entrenados y capaces de enfrentarse al enemigo, asever\u00f3.<\/p>\n<p style=\"text-align: justify\">Qassem agreg\u00f3 que Israel \u201cgritar\u00e1\u201d por sufrir de los misiles y los drones de la Resistencia, destacando que no hay lugar dentro de la entidad al abrigo de los ataques de sus valientes combatientes.<\/p>\n<p style=\"text-align: justify\">Asegur\u00f3 que lo que suceder\u00e1 en los pr\u00f3ximos d\u00edas ser\u00e1 cada vez m\u00e1s grave para el enemigo, y dijo \u201ccontamos con el campo y nuestra decisi\u00f3n es evitar que el enemigo logre sus objetivos\u201d.<\/p>\n<p style=\"text-align: justify\">la<\/p>\n","protected":false},"excerpt":{"rendered":"<p>Beirut, 6 (SANA) El Secretario General de Hezbol\u00e1 se\u00f1al\u00f3, jeque Naim Qassem, destac\u00f3 que solo el campo de batalla puede detener la guerra de agresi\u00f3n israel\u00ed contra el L\u00edbano. Este se concreta a trav\u00e9s de los combatientes de la Resistencia en la frontera sur, y la lluvia de misiles y drones que lanza la Resistencia &hellip;<\/p>\n","protected":false},"author":24,"featured_media":342146,"comment_status":"closed","ping_status":"closed","sticky":false,"template":"","format":"standard","meta":{"footnotes":""},"categories":[597,456,20724,7541],"tags":[],"class_list":["post-342145","post","type-post","status-publish","format-standard","has-post-thumbnail","","category-cinta-de-noticias","category-arabe-internacional-politica","category-minuto-a-minuto","category-ultimas-noticias"],"_links":{"self":[{"href":"https:\/\/archive.sana.sy\/es\/index.php?rest_route=\/wp\/v2\/posts\/342145"}],"collection":[{"href":"https:\/\/archive.sana.sy\/es\/index.php?rest_route=\/wp\/v2\/posts"}],"about":[{"href":"https:\/\/archive.sana.sy\/es\/index.php?rest_route=\/wp\/v2\/types\/post"}],"author":[{"embeddable":true,"href":"https:\/\/archive.sana.sy\/es\/index.php?rest_route=\/wp\/v2\/users\/24"}],"replies":[{"embeddable":true,"href":"https:\/\/archive.sana.sy\/es\/index.php?rest_route=%2Fwp%2Fv2%2Fcomments&post=342145"}],"version-history":[{"count":1,"href":"https:\/\/archive.sana.sy\/es\/index.php?rest_route=\/wp\/v2\/posts\/342145\/revisions"}],"predecessor-version":[{"id":342147,"href":"https:\/\/archive.sana.sy\/es\/index.php?rest_route=\/wp\/v2\/posts\/342145\/revisions\/342147"}],"wp:featuredmedia":[{"embeddable":true,"href":"https:\/\/archive.sana.sy\/es\/index.php?rest_route=\/wp\/v2\/media\/342146"}],"wp:attachment":[{"href":"https:\/\/archive.sana.sy\/es\/index.php?rest_route=%2Fwp%2Fv2%2Fmedia&parent=342145"}],"wp:term":[{"taxonomy":"category","embeddable":true,"href":"https:\/\/archive.sana.sy\/es\/index.php?rest_route=%2Fwp%2Fv2%2Fcategories&post=342145"},{"taxonomy":"post_tag","embeddable":true,"href":"https:\/\/archive.sana.sy\/es\/index.php?rest_route=%2Fwp%2Fv2%2Ftags&post=342145"}],"curies":[{"name":"wp","href":"https:\/\/api.w.org\/{rel}","templated":true}]}}