{"id":342206,"date":"2024-11-07T17:26:56","date_gmt":"2024-11-07T14:26:56","guid":{"rendered":"https:\/\/sana.sy\/es\/?p=342206"},"modified":"2024-11-07T17:26:56","modified_gmt":"2024-11-07T14:26:56","slug":"rusia-esta-dispuesta-a-dialogar-con-eeuu-sin-dictados-afirma-lavrov","status":"publish","type":"post","link":"https:\/\/archive.sana.sy\/es\/?p=342206","title":{"rendered":"Rusia est\u00e1 dispuesta a dialogar con EEUU sin dictados, afirma Lavrov"},"content":{"rendered":"<p style=\"text-align: justify;\"><span style=\"color: #800000;\"><strong>Astan\u00e1, 07 nov (SANA)\u00a0 <\/strong><\/span>El ministro de Asuntos Exteriores de Rusia, Sergu\u00e9i Lavrov, confirm\u00f3 que su pa\u00eds no fue quien rompi\u00f3 las relaciones con Estados Unidos, y se\u00f1al\u00f3 que Mosc\u00fa est\u00e1 abierta a dialogar honestamente con Washington si esta \u00faltima lo desea.<\/p>\n<p style=\"text-align: justify;\">\u201cVeremos si hay propuestas al di\u00e1logo. No hemos roto relaciones y no nos corresponde a nosotros proponer reanudarlas, pero si hay iniciativa para sentarnos y hablar honestamente, sin demandas ni dictados unilaterales, esto no depender\u00e1 de nosotros\u201d, declar\u00f3 el Canciller ruso durante una rueda de prensa en la capital kazaja, Astan\u00e1, donde se encuentra de visita.<\/p>\n<p style=\"text-align: justify;\">En respuesta a una pregunta sobre las perspectivas de contactos entre Rusia y la nueva administraci\u00f3n estadounidense, el jefe de la diplomacia rusa afirm\u00f3 que su pa\u00eds nunca se ha negado a contactar con nadie, algo que siempre el presidente Putin lo confirma.<\/p>\n<p style=\"text-align: justify;\">&#8220;Parto del hecho de que la administraci\u00f3n estadounidense estar\u00e1 interesada en nombrar un nuevo embajador y no crearemos ning\u00fan obst\u00e1culo al respecto, y si hay ideas s\u00f3lidas y tangibles, estaremos dispuestos a escucharlas &#8220;, agreg\u00f3.<\/p>\n<p style=\"text-align: justify;\">sm<\/p>\n","protected":false},"excerpt":{"rendered":"<p>Astan\u00e1, 07 nov (SANA)\u00a0 El ministro de Asuntos Exteriores de Rusia, Sergu\u00e9i Lavrov, confirm\u00f3 que su pa\u00eds no fue quien rompi\u00f3 las relaciones con Estados Unidos, y se\u00f1al\u00f3 que Mosc\u00fa est\u00e1 abierta a dialogar honestamente con Washington si esta \u00faltima lo desea. \u201cVeremos si hay propuestas al di\u00e1logo. No hemos roto relaciones y no nos &hellip;<\/p>\n","protected":false},"author":39,"featured_media":342207,"comment_status":"closed","ping_status":"closed","sticky":false,"template":"","format":"standard","meta":{"footnotes":""},"categories":[597,456,16687,20724,7541],"tags":[],"class_list":["post-342206","post","type-post","status-publish","format-standard","has-post-thumbnail","","category-cinta-de-noticias","category-arabe-internacional-politica","category-internacionales","category-minuto-a-minuto","category-ultimas-noticias"],"_links":{"self":[{"href":"https:\/\/archive.sana.sy\/es\/index.php?rest_route=\/wp\/v2\/posts\/342206"}],"collection":[{"href":"https:\/\/archive.sana.sy\/es\/index.php?rest_route=\/wp\/v2\/posts"}],"about":[{"href":"https:\/\/archive.sana.sy\/es\/index.php?rest_route=\/wp\/v2\/types\/post"}],"author":[{"embeddable":true,"href":"https:\/\/archive.sana.sy\/es\/index.php?rest_route=\/wp\/v2\/users\/39"}],"replies":[{"embeddable":true,"href":"https:\/\/archive.sana.sy\/es\/index.php?rest_route=%2Fwp%2Fv2%2Fcomments&post=342206"}],"version-history":[{"count":1,"href":"https:\/\/archive.sana.sy\/es\/index.php?rest_route=\/wp\/v2\/posts\/342206\/revisions"}],"predecessor-version":[{"id":342208,"href":"https:\/\/archive.sana.sy\/es\/index.php?rest_route=\/wp\/v2\/posts\/342206\/revisions\/342208"}],"wp:featuredmedia":[{"embeddable":true,"href":"https:\/\/archive.sana.sy\/es\/index.php?rest_route=\/wp\/v2\/media\/342207"}],"wp:attachment":[{"href":"https:\/\/archive.sana.sy\/es\/index.php?rest_route=%2Fwp%2Fv2%2Fmedia&parent=342206"}],"wp:term":[{"taxonomy":"category","embeddable":true,"href":"https:\/\/archive.sana.sy\/es\/index.php?rest_route=%2Fwp%2Fv2%2Fcategories&post=342206"},{"taxonomy":"post_tag","embeddable":true,"href":"https:\/\/archive.sana.sy\/es\/index.php?rest_route=%2Fwp%2Fv2%2Ftags&post=342206"}],"curies":[{"name":"wp","href":"https:\/\/api.w.org\/{rel}","templated":true}]}}