{"id":342209,"date":"2024-11-07T18:22:46","date_gmt":"2024-11-07T15:22:46","guid":{"rendered":"https:\/\/sana.sy\/es\/?p=342209"},"modified":"2024-11-07T18:22:46","modified_gmt":"2024-11-07T15:22:46","slug":"presidente-irani-afirma-que-su-pais-no-se-ve-afectado-por-los-resultados-de-las-elecciones-estadounidenses","status":"publish","type":"post","link":"https:\/\/archive.sana.sy\/es\/?p=342209","title":{"rendered":"Presidente iran\u00ed afirma que su pa\u00eds no se ve afectado por los resultados de las elecciones estadounidenses"},"content":{"rendered":"<p style=\"text-align: justify;\"><span style=\"color: #800000;\"><strong>Teher\u00e1n, 07 nov (SANA)<\/strong><\/span> El presidente iran\u00ed, Masoud Pezeshkian, confirm\u00f3 que los resultados de las elecciones presidenciales estadounidenses no afectan la situaci\u00f3n en Ir\u00e1n, porque el pa\u00eds persa depende de su fuerza interna.<\/p>\n<p style=\"text-align: justify;\">\u00a0\u201cNo nos importa qui\u00e9n gane las elecciones estadounidenses, porque nuestro pa\u00eds y nuestro sistema dependen de nuestra fuerza interna y de nuestro pueblo\u201d, dijo el mandatario, seg\u00fan inform\u00f3 la agencia de noticias iran\u00ed \u201cIRNA\u201d.<\/p>\n<p style=\"text-align: justify;\">Explic\u00f3 que Teher\u00e1n no tiene una visi\u00f3n cerrada y limitada al tratar con los dem\u00e1s pa\u00edses, sino dio prioridad al desarrollo de relaciones con sus vecinos y otras naciones.<\/p>\n<p style=\"text-align: justify;\">Asimismo, el presidente iran\u00ed subray\u00f3 la importancia de adherirse a la unidad nacional y afrontar las campa\u00f1as de los enemigos externos.<\/p>\n<p style=\"text-align: justify;\">ahs\/sm<\/p>\n","protected":false},"excerpt":{"rendered":"<p>Teher\u00e1n, 07 nov (SANA) El presidente iran\u00ed, Masoud Pezeshkian, confirm\u00f3 que los resultados de las elecciones presidenciales estadounidenses no afectan la situaci\u00f3n en Ir\u00e1n, porque el pa\u00eds persa depende de su fuerza interna. \u00a0\u201cNo nos importa qui\u00e9n gane las elecciones estadounidenses, porque nuestro pa\u00eds y nuestro sistema dependen de nuestra fuerza interna y de nuestro &hellip;<\/p>\n","protected":false},"author":43,"featured_media":342210,"comment_status":"closed","ping_status":"closed","sticky":false,"template":"","format":"standard","meta":{"footnotes":""},"categories":[597,456,16687,20724,7541],"tags":[],"class_list":["post-342209","post","type-post","status-publish","format-standard","has-post-thumbnail","","category-cinta-de-noticias","category-arabe-internacional-politica","category-internacionales","category-minuto-a-minuto","category-ultimas-noticias"],"_links":{"self":[{"href":"https:\/\/archive.sana.sy\/es\/index.php?rest_route=\/wp\/v2\/posts\/342209"}],"collection":[{"href":"https:\/\/archive.sana.sy\/es\/index.php?rest_route=\/wp\/v2\/posts"}],"about":[{"href":"https:\/\/archive.sana.sy\/es\/index.php?rest_route=\/wp\/v2\/types\/post"}],"author":[{"embeddable":true,"href":"https:\/\/archive.sana.sy\/es\/index.php?rest_route=\/wp\/v2\/users\/43"}],"replies":[{"embeddable":true,"href":"https:\/\/archive.sana.sy\/es\/index.php?rest_route=%2Fwp%2Fv2%2Fcomments&post=342209"}],"version-history":[{"count":1,"href":"https:\/\/archive.sana.sy\/es\/index.php?rest_route=\/wp\/v2\/posts\/342209\/revisions"}],"predecessor-version":[{"id":342211,"href":"https:\/\/archive.sana.sy\/es\/index.php?rest_route=\/wp\/v2\/posts\/342209\/revisions\/342211"}],"wp:featuredmedia":[{"embeddable":true,"href":"https:\/\/archive.sana.sy\/es\/index.php?rest_route=\/wp\/v2\/media\/342210"}],"wp:attachment":[{"href":"https:\/\/archive.sana.sy\/es\/index.php?rest_route=%2Fwp%2Fv2%2Fmedia&parent=342209"}],"wp:term":[{"taxonomy":"category","embeddable":true,"href":"https:\/\/archive.sana.sy\/es\/index.php?rest_route=%2Fwp%2Fv2%2Fcategories&post=342209"},{"taxonomy":"post_tag","embeddable":true,"href":"https:\/\/archive.sana.sy\/es\/index.php?rest_route=%2Fwp%2Fv2%2Ftags&post=342209"}],"curies":[{"name":"wp","href":"https:\/\/api.w.org\/{rel}","templated":true}]}}