{"id":342234,"date":"2024-11-08T13:40:07","date_gmt":"2024-11-08T10:40:07","guid":{"rendered":"https:\/\/sana.sy\/es\/?p=342234"},"modified":"2024-11-08T13:40:07","modified_gmt":"2024-11-08T10:40:07","slug":"kazajistan-acogera-proxima-reunion-sobre-siria-en-formato-astana-los-dias-11-y-12-de-noviembre","status":"publish","type":"post","link":"https:\/\/archive.sana.sy\/es\/?p=342234","title":{"rendered":"Kazajist\u00e1n acoger\u00e1 pr\u00f3xima reuni\u00f3n sobre Siria en formato Astan\u00e1 los d\u00edas 11 y 12 de noviembre"},"content":{"rendered":"<p style=\"text-align: justify;\"><span style=\"color: #800000;\"><strong>Astan\u00e1, 8 nov (SANA)<\/strong> <\/span>El Ministerio de Relaciones Exteriores de Kazajist\u00e1n anunci\u00f3 que la pr\u00f3xima reuni\u00f3n internacional sobre Siria en el formato de Astan\u00e1 se celebrar\u00e1 en la capital kazaja los d\u00edas 11 y 12 de noviembre.<\/p>\n<p style=\"text-align: justify;\">Seg\u00fan el comunicado oficial, el primer d\u00eda se llevar\u00e1n a cabo consultas bilaterales y trilaterales entre las delegaciones participantes, mientras que al d\u00eda siguiente se celebrar\u00e1 una sesi\u00f3n plenaria y una rueda de prensa final el 12 de noviembre.<\/p>\n<p style=\"text-align: justify;\">La agenda de la reuni\u00f3n abordar\u00e1 temas clave, como la evoluci\u00f3n de la situaci\u00f3n regional en torno a Siria, los esfuerzos para alcanzar una soluci\u00f3n integral y la situaci\u00f3n sobre el terreno en el pa\u00eds \u00e1rabe.<\/p>\n<p style=\"text-align: justify;\">El representante especial del presidente ruso para Oriente Medio y \u00c1frica, Mija\u00edl Bogd\u00e1nov, hab\u00eda anunciado previamente en octubre que esta reuni\u00f3n se llevar\u00eda a cabo antes de finales de 2024.<\/p>\n<p style=\"text-align: justify;\"><em><strong>ah<\/strong><\/em><\/p>\n","protected":false},"excerpt":{"rendered":"<p>Astan\u00e1, 8 nov (SANA) El Ministerio de Relaciones Exteriores de Kazajist\u00e1n anunci\u00f3 que la pr\u00f3xima reuni\u00f3n internacional sobre Siria en el formato de Astan\u00e1 se celebrar\u00e1 en la capital kazaja los d\u00edas 11 y 12 de noviembre. Seg\u00fan el comunicado oficial, el primer d\u00eda se llevar\u00e1n a cabo consultas bilaterales y trilaterales entre las delegaciones &hellip;<\/p>\n","protected":false},"author":30,"featured_media":342235,"comment_status":"closed","ping_status":"closed","sticky":false,"template":"","format":"standard","meta":{"footnotes":""},"categories":[597,20724,467,583],"tags":[],"class_list":["post-342234","post","type-post","status-publish","format-standard","has-post-thumbnail","","category-cinta-de-noticias","category-minuto-a-minuto","category-siria-y-el-mundo","category-slide"],"_links":{"self":[{"href":"https:\/\/archive.sana.sy\/es\/index.php?rest_route=\/wp\/v2\/posts\/342234"}],"collection":[{"href":"https:\/\/archive.sana.sy\/es\/index.php?rest_route=\/wp\/v2\/posts"}],"about":[{"href":"https:\/\/archive.sana.sy\/es\/index.php?rest_route=\/wp\/v2\/types\/post"}],"author":[{"embeddable":true,"href":"https:\/\/archive.sana.sy\/es\/index.php?rest_route=\/wp\/v2\/users\/30"}],"replies":[{"embeddable":true,"href":"https:\/\/archive.sana.sy\/es\/index.php?rest_route=%2Fwp%2Fv2%2Fcomments&post=342234"}],"version-history":[{"count":1,"href":"https:\/\/archive.sana.sy\/es\/index.php?rest_route=\/wp\/v2\/posts\/342234\/revisions"}],"predecessor-version":[{"id":342236,"href":"https:\/\/archive.sana.sy\/es\/index.php?rest_route=\/wp\/v2\/posts\/342234\/revisions\/342236"}],"wp:featuredmedia":[{"embeddable":true,"href":"https:\/\/archive.sana.sy\/es\/index.php?rest_route=\/wp\/v2\/media\/342235"}],"wp:attachment":[{"href":"https:\/\/archive.sana.sy\/es\/index.php?rest_route=%2Fwp%2Fv2%2Fmedia&parent=342234"}],"wp:term":[{"taxonomy":"category","embeddable":true,"href":"https:\/\/archive.sana.sy\/es\/index.php?rest_route=%2Fwp%2Fv2%2Fcategories&post=342234"},{"taxonomy":"post_tag","embeddable":true,"href":"https:\/\/archive.sana.sy\/es\/index.php?rest_route=%2Fwp%2Fv2%2Ftags&post=342234"}],"curies":[{"name":"wp","href":"https:\/\/api.w.org\/{rel}","templated":true}]}}