{"id":342237,"date":"2024-11-08T14:20:06","date_gmt":"2024-11-08T11:20:06","guid":{"rendered":"https:\/\/sana.sy\/es\/?p=342237"},"modified":"2024-11-08T14:20:06","modified_gmt":"2024-11-08T11:20:06","slug":"siria-y-tunez-negocian-consolidar-y-promover-la-cooperacion-bilateral","status":"publish","type":"post","link":"https:\/\/archive.sana.sy\/es\/?p=342237","title":{"rendered":"Siria y T\u00fanez negocian consolidar y promover la cooperaci\u00f3n bilateral"},"content":{"rendered":"<p style=\"text-align: justify;\"><span style=\"color: #800000;\"><strong>T\u00fanez, 8 nov (SANA)<\/strong><\/span> El Secretario de Estado del Ministerio de Asuntos Exteriores, de la Inmigraci\u00f3n y de los Tunecinos en el Extranjero, Mohamed Ben Ayed, se reuni\u00f3 con el embajador de Siria en T\u00fanez, Mohammad Mohammad, para discutir los aspectos de la cooperaci\u00f3n bilateral entre ambos pa\u00edses y las formas de fortalecerla y promoverla en beneficio de los dos pueblos hermanos.<\/p>\n<p style=\"text-align: justify;\">El funcionario tunecino expres\u00f3 el inter\u00e9s de su pa\u00eds en reforzar la cooperaci\u00f3n con Siria en diversas \u00e1reas, como la pol\u00edtica, la econom\u00eda, el comercio y la cultura.<\/p>\n<p style=\"text-align: justify;\">Tambi\u00e9n subray\u00f3 la postura firme de T\u00fanez respecto a la preservaci\u00f3n de la seguridad, soberan\u00eda e independencia de Siria, as\u00ed como la protecci\u00f3n de la unidad de su territorio y su pueblo.<\/p>\n<p style=\"text-align: justify;\">Por su parte, el embajador Mohammad destac\u00f3 que ambos pa\u00edses comparten v\u00ednculos hist\u00f3ricos, culturales y civiles profundamente arraigados, adem\u00e1s de una visi\u00f3n com\u00fan en relaci\u00f3n con las cuestiones de inter\u00e9s mutuo.<\/p>\n<p style=\"text-align: justify;\"><em><strong>ah<\/strong><\/em><\/p>\n","protected":false},"excerpt":{"rendered":"<p>T\u00fanez, 8 nov (SANA) El Secretario de Estado del Ministerio de Asuntos Exteriores, de la Inmigraci\u00f3n y de los Tunecinos en el Extranjero, Mohamed Ben Ayed, se reuni\u00f3 con el embajador de Siria en T\u00fanez, Mohammad Mohammad, para discutir los aspectos de la cooperaci\u00f3n bilateral entre ambos pa\u00edses y las formas de fortalecerla y promoverla &hellip;<\/p>\n","protected":false},"author":30,"featured_media":342238,"comment_status":"closed","ping_status":"closed","sticky":false,"template":"","format":"standard","meta":{"footnotes":""},"categories":[597,20724,467,7541],"tags":[],"class_list":["post-342237","post","type-post","status-publish","format-standard","has-post-thumbnail","","category-cinta-de-noticias","category-minuto-a-minuto","category-siria-y-el-mundo","category-ultimas-noticias"],"_links":{"self":[{"href":"https:\/\/archive.sana.sy\/es\/index.php?rest_route=\/wp\/v2\/posts\/342237"}],"collection":[{"href":"https:\/\/archive.sana.sy\/es\/index.php?rest_route=\/wp\/v2\/posts"}],"about":[{"href":"https:\/\/archive.sana.sy\/es\/index.php?rest_route=\/wp\/v2\/types\/post"}],"author":[{"embeddable":true,"href":"https:\/\/archive.sana.sy\/es\/index.php?rest_route=\/wp\/v2\/users\/30"}],"replies":[{"embeddable":true,"href":"https:\/\/archive.sana.sy\/es\/index.php?rest_route=%2Fwp%2Fv2%2Fcomments&post=342237"}],"version-history":[{"count":1,"href":"https:\/\/archive.sana.sy\/es\/index.php?rest_route=\/wp\/v2\/posts\/342237\/revisions"}],"predecessor-version":[{"id":342239,"href":"https:\/\/archive.sana.sy\/es\/index.php?rest_route=\/wp\/v2\/posts\/342237\/revisions\/342239"}],"wp:featuredmedia":[{"embeddable":true,"href":"https:\/\/archive.sana.sy\/es\/index.php?rest_route=\/wp\/v2\/media\/342238"}],"wp:attachment":[{"href":"https:\/\/archive.sana.sy\/es\/index.php?rest_route=%2Fwp%2Fv2%2Fmedia&parent=342237"}],"wp:term":[{"taxonomy":"category","embeddable":true,"href":"https:\/\/archive.sana.sy\/es\/index.php?rest_route=%2Fwp%2Fv2%2Fcategories&post=342237"},{"taxonomy":"post_tag","embeddable":true,"href":"https:\/\/archive.sana.sy\/es\/index.php?rest_route=%2Fwp%2Fv2%2Ftags&post=342237"}],"curies":[{"name":"wp","href":"https:\/\/api.w.org\/{rel}","templated":true}]}}