{"id":342249,"date":"2024-11-08T16:54:13","date_gmt":"2024-11-08T13:54:13","guid":{"rendered":"https:\/\/sana.sy\/es\/?p=342249"},"modified":"2024-11-08T17:00:09","modified_gmt":"2024-11-08T14:00:09","slug":"resistencia-libanesa-bombardea-sitios-del-ocupante-israeli-e-inflige-bajas-en-la-filas-enemigas","status":"publish","type":"post","link":"https:\/\/archive.sana.sy\/es\/?p=342249","title":{"rendered":"Resistencia libanesa bombardea sitios del ocupante israel\u00ed e inflige bajas en la filas enemigas"},"content":{"rendered":"<p style=\"text-align: justify;\"><strong><span style=\"color: #800000;\">Beirut, 08 nov (SANA)\u00a0 <\/span><\/strong>La Resistencia Nacional Libanesa bombarde\u00f3 esta ma\u00f1ana dos bases militares del ocupante israel\u00ed, as\u00ed mismo atac\u00f3 a una concentraci\u00f3n de soldados enemigos e impidi\u00f3 el avance de una fuerza sionista hacia la localidad de Kafr Kila, causando muertos y heridos las filas del enemigo.<\/p>\n<p style=\"text-align: justify;\">\u201cEn apoyo a nuestro firme pueblo palestino en la Franja de Gaza y a su valiente resistencia, en defensa del L\u00edbano y en respuesta a los ataques y masacres cometidos por el enemigo israel\u00ed, la resistencia libanesa laz\u00f3, esta ma\u00f1ana un ataque contra la base naval israel\u00ed Stella Maris, que es una base estrat\u00e9gica para la vigilancia y el control mar\u00edtimo al noroeste de la ciudad ocupada de Haifa\u201d, anunci\u00f3 la resistencia en un comunicado.<\/p>\n<p style=\"text-align: justify;\">Asimismo, los resistentes libaneses atacaron con misiles la base y el aeropuerto \u201cRamat David\u201d, al sureste de la antes mencionada ciudad.<\/p>\n<p style=\"text-align: justify;\">La resistencia tambi\u00e9n anunci\u00f3 que sus combatientes atacaron, esta madrugada, con proyectiles de artiller\u00eda una concentraci\u00f3n de soldados israel\u00edes en la localidad Jal al-Himar, al sur del poblado de Al-Adissa, inflagiendo bajas confirmadas.<\/p>\n<p style=\"text-align: justify;\">De igual manera, los combatientes de la resistencia libanesa bombardearon una topadora militar israel\u00ed acompa\u00f1ada por una fuerza de infanter\u00eda enemiga que intent\u00f3 avanzar hacia la colina Sari en el noroeste del poblado de Kafr Kila, lo que provoc\u00f3 la destrucci\u00f3n del veh\u00edculo, adem\u00e1s de dejar entre muertos o heridos a los soldados israel\u00edes que estaban all\u00ed.<\/p>\n<p style=\"text-align: justify;\">En v\u00edsperas, la resistencia libanesa mat\u00f3 e hiri\u00f3 en una emboscada a varios soldados israel\u00edes que intentaban avanzar hacia el poblado de Yaroun, adem\u00e1s de bombardear con misiles el sitio &#8220;Al-Abad&#8221; y el cuartel &#8220;Yifthah\u201d.<\/p>\n<p style=\"text-align: justify;\">Adem\u00e1s, la residencia atac\u00f3 con misiles dos veces concentraciones de soldados enemigos al este del poblado Maroun al-Ras, y otras dos veces en el poblado Puerta de F\u00e1tima en la frontera entre L\u00edbano y Palestina.<\/p>\n<p style=\"text-align: justify;\">sm<\/p>\n","protected":false},"excerpt":{"rendered":"<p>Beirut, 08 nov (SANA)\u00a0 La Resistencia Nacional Libanesa bombarde\u00f3 esta ma\u00f1ana dos bases militares del ocupante israel\u00ed, as\u00ed mismo atac\u00f3 a una concentraci\u00f3n de soldados enemigos e impidi\u00f3 el avance de una fuerza sionista hacia la localidad de Kafr Kila, causando muertos y heridos las filas del enemigo. \u201cEn apoyo a nuestro firme pueblo palestino &hellip;<\/p>\n","protected":false},"author":39,"featured_media":342250,"comment_status":"closed","ping_status":"closed","sticky":false,"template":"","format":"standard","meta":{"footnotes":""},"categories":[597,456,16687,20724,583],"tags":[],"class_list":["post-342249","post","type-post","status-publish","format-standard","has-post-thumbnail","","category-cinta-de-noticias","category-arabe-internacional-politica","category-internacionales","category-minuto-a-minuto","category-slide"],"_links":{"self":[{"href":"https:\/\/archive.sana.sy\/es\/index.php?rest_route=\/wp\/v2\/posts\/342249"}],"collection":[{"href":"https:\/\/archive.sana.sy\/es\/index.php?rest_route=\/wp\/v2\/posts"}],"about":[{"href":"https:\/\/archive.sana.sy\/es\/index.php?rest_route=\/wp\/v2\/types\/post"}],"author":[{"embeddable":true,"href":"https:\/\/archive.sana.sy\/es\/index.php?rest_route=\/wp\/v2\/users\/39"}],"replies":[{"embeddable":true,"href":"https:\/\/archive.sana.sy\/es\/index.php?rest_route=%2Fwp%2Fv2%2Fcomments&post=342249"}],"version-history":[{"count":2,"href":"https:\/\/archive.sana.sy\/es\/index.php?rest_route=\/wp\/v2\/posts\/342249\/revisions"}],"predecessor-version":[{"id":342252,"href":"https:\/\/archive.sana.sy\/es\/index.php?rest_route=\/wp\/v2\/posts\/342249\/revisions\/342252"}],"wp:featuredmedia":[{"embeddable":true,"href":"https:\/\/archive.sana.sy\/es\/index.php?rest_route=\/wp\/v2\/media\/342250"}],"wp:attachment":[{"href":"https:\/\/archive.sana.sy\/es\/index.php?rest_route=%2Fwp%2Fv2%2Fmedia&parent=342249"}],"wp:term":[{"taxonomy":"category","embeddable":true,"href":"https:\/\/archive.sana.sy\/es\/index.php?rest_route=%2Fwp%2Fv2%2Fcategories&post=342249"},{"taxonomy":"post_tag","embeddable":true,"href":"https:\/\/archive.sana.sy\/es\/index.php?rest_route=%2Fwp%2Fv2%2Ftags&post=342249"}],"curies":[{"name":"wp","href":"https:\/\/api.w.org\/{rel}","templated":true}]}}