{"id":342253,"date":"2024-11-08T17:19:34","date_gmt":"2024-11-08T14:19:34","guid":{"rendered":"https:\/\/sana.sy\/es\/?p=342253"},"modified":"2024-11-08T17:19:34","modified_gmt":"2024-11-08T14:19:34","slug":"durante-399-dias-de-su-brutal-agresion-contra-gaza-israel-asesina-a-43-508-palestinos-e-hiere-a-otros-102-684","status":"publish","type":"post","link":"https:\/\/archive.sana.sy\/es\/?p=342253","title":{"rendered":"Durante 399 d\u00edas de su brutal agresi\u00f3n contra Gaza, \u201cIsrael\u201d asesina a 43.508 palestinos e hiere a otros 102.684"},"content":{"rendered":"<p style=\"text-align: justify;\"><span style=\"color: #800000;\"><strong>Jerusal\u00e9n ocupada, 08 nov (SANA) <\/strong><\/span>El Ministerio de Salud palestino anunci\u00f3 que las tropas del ocupante israel\u00ed cometieron 3 masacres en la Franja de Gaza durante las \u00faltimas 24 horas, dejando muertas a 39 personas y heridas a otras 123.<\/p>\n<p style=\"text-align: justify;\">La referida entidad detall\u00f3 que el n\u00famero de v\u00edctimas de la brutal agresi\u00f3n sionista durante 399 d\u00edas ascendi\u00f3 a 43.508 muertos y 102.684 heridos, mientras que un n\u00famero de v\u00edctimas a\u00fan se encuentran bajo los escombros y en las carreteras, y las ambulancias y los equipos de defensa civil no pueden llegar hasta ellos.<\/p>\n<p style=\"text-align: justify;\">Durante las \u00faltimas horas, cuatro palestinos fueron asesinados y otros resultaron heridos como resultado del bombardeo de aviones de ocupaci\u00f3n contra una casa al noroeste de la ciudad de Gaza, mientras que dos palestinos perdieron la vida debido a bombardeos enemigos al oeste del campamento de Nuseirat en el centro de la Franja de Gaza.<\/p>\n<p style=\"text-align: justify;\">Adem\u00e1s, cuatro palestinos fueron matados a consecuencia de un ataque a\u00e9reo israel\u00ed contra un grupo de personas Beit Lahia, al norte de la Franja de Gaza.<\/p>\n<p style=\"text-align: justify;\">sm<\/p>\n","protected":false},"excerpt":{"rendered":"<p>Jerusal\u00e9n ocupada, 08 nov (SANA) El Ministerio de Salud palestino anunci\u00f3 que las tropas del ocupante israel\u00ed cometieron 3 masacres en la Franja de Gaza durante las \u00faltimas 24 horas, dejando muertas a 39 personas y heridas a otras 123. La referida entidad detall\u00f3 que el n\u00famero de v\u00edctimas de la brutal agresi\u00f3n sionista durante &hellip;<\/p>\n","protected":false},"author":39,"featured_media":342254,"comment_status":"closed","ping_status":"closed","sticky":false,"template":"","format":"standard","meta":{"footnotes":""},"categories":[597,456,16687,20724,583],"tags":[],"class_list":["post-342253","post","type-post","status-publish","format-standard","has-post-thumbnail","","category-cinta-de-noticias","category-arabe-internacional-politica","category-internacionales","category-minuto-a-minuto","category-slide"],"_links":{"self":[{"href":"https:\/\/archive.sana.sy\/es\/index.php?rest_route=\/wp\/v2\/posts\/342253"}],"collection":[{"href":"https:\/\/archive.sana.sy\/es\/index.php?rest_route=\/wp\/v2\/posts"}],"about":[{"href":"https:\/\/archive.sana.sy\/es\/index.php?rest_route=\/wp\/v2\/types\/post"}],"author":[{"embeddable":true,"href":"https:\/\/archive.sana.sy\/es\/index.php?rest_route=\/wp\/v2\/users\/39"}],"replies":[{"embeddable":true,"href":"https:\/\/archive.sana.sy\/es\/index.php?rest_route=%2Fwp%2Fv2%2Fcomments&post=342253"}],"version-history":[{"count":1,"href":"https:\/\/archive.sana.sy\/es\/index.php?rest_route=\/wp\/v2\/posts\/342253\/revisions"}],"predecessor-version":[{"id":342255,"href":"https:\/\/archive.sana.sy\/es\/index.php?rest_route=\/wp\/v2\/posts\/342253\/revisions\/342255"}],"wp:featuredmedia":[{"embeddable":true,"href":"https:\/\/archive.sana.sy\/es\/index.php?rest_route=\/wp\/v2\/media\/342254"}],"wp:attachment":[{"href":"https:\/\/archive.sana.sy\/es\/index.php?rest_route=%2Fwp%2Fv2%2Fmedia&parent=342253"}],"wp:term":[{"taxonomy":"category","embeddable":true,"href":"https:\/\/archive.sana.sy\/es\/index.php?rest_route=%2Fwp%2Fv2%2Fcategories&post=342253"},{"taxonomy":"post_tag","embeddable":true,"href":"https:\/\/archive.sana.sy\/es\/index.php?rest_route=%2Fwp%2Fv2%2Ftags&post=342253"}],"curies":[{"name":"wp","href":"https:\/\/api.w.org\/{rel}","templated":true}]}}