{"id":342262,"date":"2024-11-08T20:06:52","date_gmt":"2024-11-08T17:06:52","guid":{"rendered":"https:\/\/sana.sy\/es\/?p=342262"},"modified":"2024-11-08T20:07:40","modified_gmt":"2024-11-08T17:07:40","slug":"rusia-preve-crecimiento-economico-un-39-a-finales-de-este-ano","status":"publish","type":"post","link":"https:\/\/archive.sana.sy\/es\/?p=342262","title":{"rendered":"Rusia prev\u00e9 crecimiento econ\u00f3mico un 3,9 % a finales de este a\u00f1o"},"content":{"rendered":"<p style=\"text-align: justify;\"><span style=\"color: #800000;\"><strong>Mosc\u00fa, 08 nov (SANA)<\/strong> <\/span>El viceprimer ministro de Rusia, Alexander Novak, anunci\u00f3 que el crecimiento de la econom\u00eda de su pa\u00eds alcanzar\u00e1 el 3,9 por ciento a finales de este a\u00f1o, y para 2027 crecer\u00e1 un 13 por ciento en comparaci\u00f3n con el a\u00f1o en curso.<\/p>\n<p style=\"text-align: justify;\">\u00a0\u201cLa inversi\u00f3n proporcionar\u00e1 el 30 por ciento del crecimiento del PIB, mientras que el 60 por ciento provendr\u00e1 del crecimiento del consumo, y para garantizar este crecimiento, hay que aumentar el volumen de producci\u00f3n y la oferta en el mercado\u201d, dijo Novak durante su participaci\u00f3n en el Foro Econ\u00f3mico Ruso celebrado en la ciudad de Chelyabinsk, en la regi\u00f3n de los Urales rusos.<\/p>\n<p style=\"text-align: justify;\">Asimismo, el alto funcionario ruso destac\u00f3 la necesidad de que Rusia mantenga su posici\u00f3n como la cuarta econom\u00eda del mundo en t\u00e9rminos de paridad de poder adquisitivo y trabaje para un mayor desarrollo, y se\u00f1al\u00f3 que el aumento de la tasa de inter\u00e9s principal est\u00e1 dando frutos, ya que la inflaci\u00f3n en el pa\u00eds comenz\u00f3 a disminuir.<\/p>\n<p style=\"text-align: justify;\">Adem\u00e1s, consider\u00f3 que el pico de inflaci\u00f3n, que lleg\u00f3 a su m\u00e1ximo nivel, el 9,2 %, en julio pasado, comenz\u00f3 a retroceder gradualmente a principios de este mes, cuando el \u00edndice alcanz\u00f3 el 8 %, sin descartar mantener el principal tipo de inter\u00e9s en niveles altos durante un per\u00edodo de tiempo, con el objetivo de acabar con la inflaci\u00f3n.<\/p>\n<p style=\"text-align: justify;\">ahs\/sm<\/p>\n","protected":false},"excerpt":{"rendered":"<p>Mosc\u00fa, 08 nov (SANA) El viceprimer ministro de Rusia, Alexander Novak, anunci\u00f3 que el crecimiento de la econom\u00eda de su pa\u00eds alcanzar\u00e1 el 3,9 por ciento a finales de este a\u00f1o, y para 2027 crecer\u00e1 un 13 por ciento en comparaci\u00f3n con el a\u00f1o en curso. \u00a0\u201cLa inversi\u00f3n proporcionar\u00e1 el 30 por ciento del crecimiento &hellip;<\/p>\n","protected":false},"author":43,"featured_media":342263,"comment_status":"closed","ping_status":"closed","sticky":false,"template":"","format":"standard","meta":{"footnotes":""},"categories":[597,16686,483,456,16687,20724,7541],"tags":[],"class_list":["post-342262","post","type-post","status-publish","format-standard","has-post-thumbnail","","category-cinta-de-noticias","category-economia","category-negocios-y-finanzas","category-arabe-internacional-politica","category-internacionales","category-minuto-a-minuto","category-ultimas-noticias"],"_links":{"self":[{"href":"https:\/\/archive.sana.sy\/es\/index.php?rest_route=\/wp\/v2\/posts\/342262"}],"collection":[{"href":"https:\/\/archive.sana.sy\/es\/index.php?rest_route=\/wp\/v2\/posts"}],"about":[{"href":"https:\/\/archive.sana.sy\/es\/index.php?rest_route=\/wp\/v2\/types\/post"}],"author":[{"embeddable":true,"href":"https:\/\/archive.sana.sy\/es\/index.php?rest_route=\/wp\/v2\/users\/43"}],"replies":[{"embeddable":true,"href":"https:\/\/archive.sana.sy\/es\/index.php?rest_route=%2Fwp%2Fv2%2Fcomments&post=342262"}],"version-history":[{"count":1,"href":"https:\/\/archive.sana.sy\/es\/index.php?rest_route=\/wp\/v2\/posts\/342262\/revisions"}],"predecessor-version":[{"id":342264,"href":"https:\/\/archive.sana.sy\/es\/index.php?rest_route=\/wp\/v2\/posts\/342262\/revisions\/342264"}],"wp:featuredmedia":[{"embeddable":true,"href":"https:\/\/archive.sana.sy\/es\/index.php?rest_route=\/wp\/v2\/media\/342263"}],"wp:attachment":[{"href":"https:\/\/archive.sana.sy\/es\/index.php?rest_route=%2Fwp%2Fv2%2Fmedia&parent=342262"}],"wp:term":[{"taxonomy":"category","embeddable":true,"href":"https:\/\/archive.sana.sy\/es\/index.php?rest_route=%2Fwp%2Fv2%2Fcategories&post=342262"},{"taxonomy":"post_tag","embeddable":true,"href":"https:\/\/archive.sana.sy\/es\/index.php?rest_route=%2Fwp%2Fv2%2Ftags&post=342262"}],"curies":[{"name":"wp","href":"https:\/\/api.w.org\/{rel}","templated":true}]}}