{"id":342285,"date":"2024-11-09T12:54:48","date_gmt":"2024-11-09T09:54:48","guid":{"rendered":"https:\/\/sana.sy\/es\/?p=342285"},"modified":"2024-11-09T12:54:48","modified_gmt":"2024-11-09T09:54:48","slug":"nueve-muertos-y-decenas-de-heridos-por-agresiones-israelies-contra-sur-del-libano","status":"publish","type":"post","link":"https:\/\/archive.sana.sy\/es\/?p=342285","title":{"rendered":"Nueve muertos y decenas de heridos por agresiones israel\u00edes contra sur del L\u00edbano"},"content":{"rendered":"<p style=\"text-align: justify;\"><span style=\"color: #800000;\"><strong>Beirut, 9 nov (SANA)<\/strong> <\/span>Las fuerzas de ocupaci\u00f3n israel\u00edes intensificaron sus agresiones contra la ciudad de Tiro y las aldeas cercanas en el sur del L\u00edbano, lo que provoc\u00f3 al menos nueve muertos y decenas de heridos.<\/p>\n<p style=\"text-align: justify;\">Seg\u00fan la Agencia Nacional de Noticias de L\u00edbano, la aviaci\u00f3n israel\u00ed lanz\u00f3 varios bombardeos a\u00e9reos contra la ciudad durante la noche, lo que caus\u00f3 una gran destrucci\u00f3n en edificios residenciales y comerciales.<\/p>\n<p style=\"text-align: justify;\">Las agresiones afectaron principalmente el sector sur de Tiro y las aldeas del distrito de Bint Jbeil.<\/p>\n<p style=\"text-align: justify;\">Los equipos de rescate del L\u00edbano, incluidos los voluntarios de la Defensa Civil y la Asociaci\u00f3n del Mensaje Isl\u00e1mico en L\u00edbano, trabajaron a contrarreloj para trasladar a los heridos a hospitales cercanos.<\/p>\n<p style=\"text-align: justify;\">Adem\u00e1s, el ataque a\u00e9reo israel\u00ed tambi\u00e9n caus\u00f3 da\u00f1os materiales significativos, especialmente en el sector agr\u00edcola de la regi\u00f3n, que sufri\u00f3 grandes p\u00e9rdidas en cosechas de aceitunas, pl\u00e1tanos y c\u00edtricos.<\/p>\n<p style=\"text-align: justify;\">A pesar de los esfuerzos de rescate, las operaciones de b\u00fasqueda se suspendieron por la ma\u00f1ana debido a la presencia de drones israel\u00edes sobrevolando la zona a baja altitud, lo que dificultaba las labores de rescate.<\/p>\n<p style=\"text-align: justify;\"><em><strong>ah<\/strong><\/em><\/p>\n","protected":false},"excerpt":{"rendered":"<p>Beirut, 9 nov (SANA) Las fuerzas de ocupaci\u00f3n israel\u00edes intensificaron sus agresiones contra la ciudad de Tiro y las aldeas cercanas en el sur del L\u00edbano, lo que provoc\u00f3 al menos nueve muertos y decenas de heridos. Seg\u00fan la Agencia Nacional de Noticias de L\u00edbano, la aviaci\u00f3n israel\u00ed lanz\u00f3 varios bombardeos a\u00e9reos contra la ciudad &hellip;<\/p>\n","protected":false},"author":30,"featured_media":342286,"comment_status":"closed","ping_status":"closed","sticky":false,"template":"","format":"standard","meta":{"footnotes":""},"categories":[597,456,20724,7541],"tags":[],"class_list":["post-342285","post","type-post","status-publish","format-standard","has-post-thumbnail","","category-cinta-de-noticias","category-arabe-internacional-politica","category-minuto-a-minuto","category-ultimas-noticias"],"_links":{"self":[{"href":"https:\/\/archive.sana.sy\/es\/index.php?rest_route=\/wp\/v2\/posts\/342285"}],"collection":[{"href":"https:\/\/archive.sana.sy\/es\/index.php?rest_route=\/wp\/v2\/posts"}],"about":[{"href":"https:\/\/archive.sana.sy\/es\/index.php?rest_route=\/wp\/v2\/types\/post"}],"author":[{"embeddable":true,"href":"https:\/\/archive.sana.sy\/es\/index.php?rest_route=\/wp\/v2\/users\/30"}],"replies":[{"embeddable":true,"href":"https:\/\/archive.sana.sy\/es\/index.php?rest_route=%2Fwp%2Fv2%2Fcomments&post=342285"}],"version-history":[{"count":1,"href":"https:\/\/archive.sana.sy\/es\/index.php?rest_route=\/wp\/v2\/posts\/342285\/revisions"}],"predecessor-version":[{"id":342287,"href":"https:\/\/archive.sana.sy\/es\/index.php?rest_route=\/wp\/v2\/posts\/342285\/revisions\/342287"}],"wp:featuredmedia":[{"embeddable":true,"href":"https:\/\/archive.sana.sy\/es\/index.php?rest_route=\/wp\/v2\/media\/342286"}],"wp:attachment":[{"href":"https:\/\/archive.sana.sy\/es\/index.php?rest_route=%2Fwp%2Fv2%2Fmedia&parent=342285"}],"wp:term":[{"taxonomy":"category","embeddable":true,"href":"https:\/\/archive.sana.sy\/es\/index.php?rest_route=%2Fwp%2Fv2%2Fcategories&post=342285"},{"taxonomy":"post_tag","embeddable":true,"href":"https:\/\/archive.sana.sy\/es\/index.php?rest_route=%2Fwp%2Fv2%2Ftags&post=342285"}],"curies":[{"name":"wp","href":"https:\/\/api.w.org\/{rel}","templated":true}]}}