{"id":342310,"date":"2024-11-09T16:23:27","date_gmt":"2024-11-09T13:23:27","guid":{"rendered":"https:\/\/sana.sy\/es\/?p=342310"},"modified":"2024-11-09T16:23:27","modified_gmt":"2024-11-09T13:23:27","slug":"rusia-ataca-aerodromos-militares-e-instalaciones-energeticas-ucranianas-en-147-zonas","status":"publish","type":"post","link":"https:\/\/archive.sana.sy\/es\/?p=342310","title":{"rendered":"Rusia ataca aer\u00f3dromos militares e instalaciones energ\u00e9ticas ucranianas en 147 zonas"},"content":{"rendered":"<p style=\"text-align: justify;\"><span style=\"color: #800000;\"><strong>Mosc\u00fa, 9 nov (SANA)<\/strong> <\/span>Las p\u00e9rdidas de las fuerzas armadas ucranianas durante la \u00faltima jornada sumaron unos 1.865 soldados, as\u00ed lo anunci\u00f3 el Ministerio de Defensa de Rusia en su informe diario sobre el progreso de la operaci\u00f3n militar especial para este 9 de noviembre de 2024.<\/p>\n<p style=\"text-align: justify;\">El ente castrense aclar\u00f3 que la defensa antia\u00e9rea rusa derrib\u00f3 dos proyectiles del sistema Himars y 67 drones.<\/p>\n<p style=\"text-align: justify;\">Nuestras tropas asestaron golpes contra infraestructuras de aer\u00f3dromos militares e instalaciones energ\u00e9ticas que apoyaban las operaciones ucranianas, as\u00ed como contra acumulaciones de tropas y equipos militares ucranianos en 147 zonas, asegur\u00f3 el Ministerio.<\/p>\n<p style=\"text-align: justify;\">En cuanto a las p\u00e9rdidas b\u00e9licas de Kiev, las tropas rusas neutralizaron tres obuses \u041c119 y un M777 de fabricaci\u00f3n estadounidense.<\/p>\n<p style=\"text-align: justify;\">Tambi\u00e9n, destruyeron dos veh\u00edculos blindados BvS10 de producci\u00f3n sueca y un ob\u00fas Krab polaco.<\/p>\n<p style=\"text-align: justify;\">fm\/ed<\/p>\n","protected":false},"excerpt":{"rendered":"<p>Mosc\u00fa, 9 nov (SANA) Las p\u00e9rdidas de las fuerzas armadas ucranianas durante la \u00faltima jornada sumaron unos 1.865 soldados, as\u00ed lo anunci\u00f3 el Ministerio de Defensa de Rusia en su informe diario sobre el progreso de la operaci\u00f3n militar especial para este 9 de noviembre de 2024. El ente castrense aclar\u00f3 que la defensa antia\u00e9rea &hellip;<\/p>\n","protected":false},"author":32,"featured_media":342311,"comment_status":"closed","ping_status":"closed","sticky":false,"template":"","format":"standard","meta":{"footnotes":""},"categories":[597,456,20724,583],"tags":[],"class_list":["post-342310","post","type-post","status-publish","format-standard","has-post-thumbnail","","category-cinta-de-noticias","category-arabe-internacional-politica","category-minuto-a-minuto","category-slide"],"_links":{"self":[{"href":"https:\/\/archive.sana.sy\/es\/index.php?rest_route=\/wp\/v2\/posts\/342310"}],"collection":[{"href":"https:\/\/archive.sana.sy\/es\/index.php?rest_route=\/wp\/v2\/posts"}],"about":[{"href":"https:\/\/archive.sana.sy\/es\/index.php?rest_route=\/wp\/v2\/types\/post"}],"author":[{"embeddable":true,"href":"https:\/\/archive.sana.sy\/es\/index.php?rest_route=\/wp\/v2\/users\/32"}],"replies":[{"embeddable":true,"href":"https:\/\/archive.sana.sy\/es\/index.php?rest_route=%2Fwp%2Fv2%2Fcomments&post=342310"}],"version-history":[{"count":1,"href":"https:\/\/archive.sana.sy\/es\/index.php?rest_route=\/wp\/v2\/posts\/342310\/revisions"}],"predecessor-version":[{"id":342312,"href":"https:\/\/archive.sana.sy\/es\/index.php?rest_route=\/wp\/v2\/posts\/342310\/revisions\/342312"}],"wp:featuredmedia":[{"embeddable":true,"href":"https:\/\/archive.sana.sy\/es\/index.php?rest_route=\/wp\/v2\/media\/342311"}],"wp:attachment":[{"href":"https:\/\/archive.sana.sy\/es\/index.php?rest_route=%2Fwp%2Fv2%2Fmedia&parent=342310"}],"wp:term":[{"taxonomy":"category","embeddable":true,"href":"https:\/\/archive.sana.sy\/es\/index.php?rest_route=%2Fwp%2Fv2%2Fcategories&post=342310"},{"taxonomy":"post_tag","embeddable":true,"href":"https:\/\/archive.sana.sy\/es\/index.php?rest_route=%2Fwp%2Fv2%2Ftags&post=342310"}],"curies":[{"name":"wp","href":"https:\/\/api.w.org\/{rel}","templated":true}]}}