{"id":342313,"date":"2024-11-09T17:09:26","date_gmt":"2024-11-09T14:09:26","guid":{"rendered":"https:\/\/sana.sy\/es\/?p=342313"},"modified":"2024-11-09T17:09:26","modified_gmt":"2024-11-09T14:09:26","slug":"resistencia-libanesa-derriba-un-dron-israeli-y-continua-sus-operaciones-de-respuesta-a-las-agresiones-sionistas","status":"publish","type":"post","link":"https:\/\/archive.sana.sy\/es\/?p=342313","title":{"rendered":"Resistencia libanesa derriba un dron israel\u00ed y contin\u00faa sus operaciones de respuesta a las agresiones sionistas"},"content":{"rendered":"<p style=\"text-align: justify;\"><span style=\"color: #800000;\"><strong>Beirut, 9 nov (SANA)<\/strong><\/span> La Resistencia Libanesa (Hezbol\u00e1) anunci\u00f3 hoy que atac\u00f3 varias concentraciones y asentamientos de las fuerzas israel\u00edes y derrib\u00f3 un dron.<\/p>\n<p style=\"text-align: justify;\">En apoyo al firme y resistente pueblo palestino en la Franja de Gaza, y en defensa del L\u00edbano y su pueblo, los combatientes de la Unidad de Defensa A\u00e9rea derribaron un veh\u00edculos a\u00e9reo no tripulado israel\u00ed tipo \u201cOrmuz 450\u201d, con un misil tierra-aire, inform\u00f3 Hezbol\u00e1 por medio de un comunicado.<\/p>\n<p style=\"text-align: justify;\">Agreg\u00f3 que el dron cay\u00f3 en la localidad de Deir Suryan, en el sur del L\u00edbano.<\/p>\n<p style=\"text-align: justify;\">En otros comunicados, la Resistencia indic\u00f3 que atac\u00f3 con cohetes varios asentamientos en el norte de palestina ocupada, incluidas las colonias de Kiryat Shmona, Baram, \u201cMaalot Tarshiha, Nahariya y la zona Krayut, al norte de la ciudad ocupada de Haifa.<\/p>\n<p style=\"text-align: justify;\">Tambi\u00e9n, atac\u00f3 concentraciones de fuerzas enemigas israel\u00edes en el asentamiento \u201cAl-Manara\u201d y el emplazamiento \u201cAl-Abad\u201d.<\/p>\n<p style=\"text-align: justify;\">fm\/ed<\/p>\n","protected":false},"excerpt":{"rendered":"<p>Beirut, 9 nov (SANA) La Resistencia Libanesa (Hezbol\u00e1) anunci\u00f3 hoy que atac\u00f3 varias concentraciones y asentamientos de las fuerzas israel\u00edes y derrib\u00f3 un dron. En apoyo al firme y resistente pueblo palestino en la Franja de Gaza, y en defensa del L\u00edbano y su pueblo, los combatientes de la Unidad de Defensa A\u00e9rea derribaron un &hellip;<\/p>\n","protected":false},"author":32,"featured_media":342314,"comment_status":"closed","ping_status":"closed","sticky":false,"template":"","format":"standard","meta":{"footnotes":""},"categories":[597,456,20724,7541],"tags":[],"class_list":["post-342313","post","type-post","status-publish","format-standard","has-post-thumbnail","","category-cinta-de-noticias","category-arabe-internacional-politica","category-minuto-a-minuto","category-ultimas-noticias"],"_links":{"self":[{"href":"https:\/\/archive.sana.sy\/es\/index.php?rest_route=\/wp\/v2\/posts\/342313"}],"collection":[{"href":"https:\/\/archive.sana.sy\/es\/index.php?rest_route=\/wp\/v2\/posts"}],"about":[{"href":"https:\/\/archive.sana.sy\/es\/index.php?rest_route=\/wp\/v2\/types\/post"}],"author":[{"embeddable":true,"href":"https:\/\/archive.sana.sy\/es\/index.php?rest_route=\/wp\/v2\/users\/32"}],"replies":[{"embeddable":true,"href":"https:\/\/archive.sana.sy\/es\/index.php?rest_route=%2Fwp%2Fv2%2Fcomments&post=342313"}],"version-history":[{"count":1,"href":"https:\/\/archive.sana.sy\/es\/index.php?rest_route=\/wp\/v2\/posts\/342313\/revisions"}],"predecessor-version":[{"id":342315,"href":"https:\/\/archive.sana.sy\/es\/index.php?rest_route=\/wp\/v2\/posts\/342313\/revisions\/342315"}],"wp:featuredmedia":[{"embeddable":true,"href":"https:\/\/archive.sana.sy\/es\/index.php?rest_route=\/wp\/v2\/media\/342314"}],"wp:attachment":[{"href":"https:\/\/archive.sana.sy\/es\/index.php?rest_route=%2Fwp%2Fv2%2Fmedia&parent=342313"}],"wp:term":[{"taxonomy":"category","embeddable":true,"href":"https:\/\/archive.sana.sy\/es\/index.php?rest_route=%2Fwp%2Fv2%2Fcategories&post=342313"},{"taxonomy":"post_tag","embeddable":true,"href":"https:\/\/archive.sana.sy\/es\/index.php?rest_route=%2Fwp%2Fv2%2Ftags&post=342313"}],"curies":[{"name":"wp","href":"https:\/\/api.w.org\/{rel}","templated":true}]}}