{"id":342316,"date":"2024-11-09T17:13:28","date_gmt":"2024-11-09T14:13:28","guid":{"rendered":"https:\/\/sana.sy\/es\/?p=342316"},"modified":"2024-11-09T18:52:30","modified_gmt":"2024-11-09T15:52:30","slug":"cancilleres-de-siria-y-sudan-analizan-relaciones-bilaterales-y-actual-situacion-en-la-region","status":"publish","type":"post","link":"https:\/\/archive.sana.sy\/es\/?p=342316","title":{"rendered":"Cancilleres de Siria y Sud\u00e1n analizan relaciones bilaterales y actual situaci\u00f3n en la regi\u00f3n"},"content":{"rendered":"<p style=\"text-align: justify;\"><span style=\"color: #800000;\"><strong>Riad, 9 nov (SANA)<\/strong><\/span> El ministro sirio de Asuntos Exteriores y Expatriados, Bassam Sabbagh, sostuvo hoy un encuentro con su hom\u00f3logo de la Rep\u00fablica de Sud\u00e1n, Ali Youssef.<\/p>\n<p style=\"text-align: justify;\">La cita tuvo lugar al margen de la reuni\u00f3n preparatoria de ministros de Asuntos Exteriores para la cumbre conjunta \u00e1rabe-isl\u00e1mica que se celebrar\u00e1 en Riad, la capital saudita.<\/p>\n<p style=\"text-align: justify;\"><a href=\"http:\/\/sana.sy\/es\/wp-content\/uploads\/2024\/11\/photo_2024-11-09_16-34-25.jpg\"><img loading=\"lazy\" decoding=\"async\" class=\" wp-image-342319 alignleft\" src=\"http:\/\/sana.sy\/es\/wp-content\/uploads\/2024\/11\/photo_2024-11-09_16-34-25.jpg\" alt=\"\" width=\"441\" height=\"201\" srcset=\"https:\/\/archive.sana.sy\/es\/wp-content\/uploads\/2024\/11\/photo_2024-11-09_16-34-25.jpg 1280w, https:\/\/archive.sana.sy\/es\/wp-content\/uploads\/2024\/11\/photo_2024-11-09_16-34-25-300x137.jpg 300w, https:\/\/archive.sana.sy\/es\/wp-content\/uploads\/2024\/11\/photo_2024-11-09_16-34-25-1024x467.jpg 1024w, https:\/\/archive.sana.sy\/es\/wp-content\/uploads\/2024\/11\/photo_2024-11-09_16-34-25-150x68.jpg 150w, https:\/\/archive.sana.sy\/es\/wp-content\/uploads\/2024\/11\/photo_2024-11-09_16-34-25-768x350.jpg 768w\" sizes=\"(max-width: 441px) 100vw, 441px\" \/><\/a>Durante la reuni\u00f3n, los dos cancilleres repasaron las relaciones entre los dos pa\u00edses y las formas de mejorarlas en varios campos.<\/p>\n<p style=\"text-align: justify;\">Tambi\u00e9n intercambiaron sobre las peligrosas circunstancias que atraviesa la regi\u00f3n resultantes de la actual agresi\u00f3n israel\u00ed contra el pueblo palestino y el L\u00edbano, y sus repercusiones en los pa\u00edses de la regi\u00f3n, incluida Siria, y que constituir\u00e1n el tema principal de la agenda de la pr\u00f3xima cumbre.<\/p>\n<p style=\"text-align: justify;\">El ministro Sabbagh aclar\u00f3 que los ataques israel\u00edes contra Siria no han cesado desde el inicio de la agresi\u00f3n israel\u00ed contra el pueblo palestino el 7 de octubre del a\u00f1o pasado.<\/p>\n<p style=\"text-align: justify;\">Explic\u00f3 los esfuerzos realizados por el gobierno sirio para facilitar el recibimiento y seguridad de miles de sirios y libaneses que acudieron a Siria.<\/p>\n<p style=\"text-align: justify;\">Por su parte, el ministro sudan\u00e9s expres\u00f3 la voluntad de trabajar para hacer avanzar los nexos con Siria a un nivel que refleje las relaciones fraternales hist\u00f3ricas que unen a los dos pa\u00edses hermanos.<\/p>\n<p style=\"text-align: justify;\">Destac\u00f3 el apoyo de su pa\u00eds a los esfuerzos realizados para detener la agresi\u00f3n israel\u00ed contra los pa\u00edses de la regi\u00f3n.<\/p>\n<p style=\"text-align: justify;\">fm\/ed<\/p>\n","protected":false},"excerpt":{"rendered":"<p>Riad, 9 nov (SANA) El ministro sirio de Asuntos Exteriores y Expatriados, Bassam Sabbagh, sostuvo hoy un encuentro con su hom\u00f3logo de la Rep\u00fablica de Sud\u00e1n, Ali Youssef. La cita tuvo lugar al margen de la reuni\u00f3n preparatoria de ministros de Asuntos Exteriores para la cumbre conjunta \u00e1rabe-isl\u00e1mica que se celebrar\u00e1 en Riad, la capital &hellip;<\/p>\n","protected":false},"author":32,"featured_media":342332,"comment_status":"closed","ping_status":"closed","sticky":false,"template":"","format":"standard","meta":{"footnotes":""},"categories":[597,20724,467,583],"tags":[],"class_list":["post-342316","post","type-post","status-publish","format-standard","has-post-thumbnail","","category-cinta-de-noticias","category-minuto-a-minuto","category-siria-y-el-mundo","category-slide"],"_links":{"self":[{"href":"https:\/\/archive.sana.sy\/es\/index.php?rest_route=\/wp\/v2\/posts\/342316"}],"collection":[{"href":"https:\/\/archive.sana.sy\/es\/index.php?rest_route=\/wp\/v2\/posts"}],"about":[{"href":"https:\/\/archive.sana.sy\/es\/index.php?rest_route=\/wp\/v2\/types\/post"}],"author":[{"embeddable":true,"href":"https:\/\/archive.sana.sy\/es\/index.php?rest_route=\/wp\/v2\/users\/32"}],"replies":[{"embeddable":true,"href":"https:\/\/archive.sana.sy\/es\/index.php?rest_route=%2Fwp%2Fv2%2Fcomments&post=342316"}],"version-history":[{"count":2,"href":"https:\/\/archive.sana.sy\/es\/index.php?rest_route=\/wp\/v2\/posts\/342316\/revisions"}],"predecessor-version":[{"id":342320,"href":"https:\/\/archive.sana.sy\/es\/index.php?rest_route=\/wp\/v2\/posts\/342316\/revisions\/342320"}],"wp:featuredmedia":[{"embeddable":true,"href":"https:\/\/archive.sana.sy\/es\/index.php?rest_route=\/wp\/v2\/media\/342332"}],"wp:attachment":[{"href":"https:\/\/archive.sana.sy\/es\/index.php?rest_route=%2Fwp%2Fv2%2Fmedia&parent=342316"}],"wp:term":[{"taxonomy":"category","embeddable":true,"href":"https:\/\/archive.sana.sy\/es\/index.php?rest_route=%2Fwp%2Fv2%2Fcategories&post=342316"},{"taxonomy":"post_tag","embeddable":true,"href":"https:\/\/archive.sana.sy\/es\/index.php?rest_route=%2Fwp%2Fv2%2Ftags&post=342316"}],"curies":[{"name":"wp","href":"https:\/\/api.w.org\/{rel}","templated":true}]}}