{"id":342326,"date":"2024-11-09T17:44:41","date_gmt":"2024-11-09T14:44:41","guid":{"rendered":"https:\/\/sana.sy\/es\/?p=342326"},"modified":"2024-11-09T17:44:41","modified_gmt":"2024-11-09T14:44:41","slug":"fuerzas-yemenies-derriban-un-dron-mq-9-reaper-estadounidense","status":"publish","type":"post","link":"https:\/\/archive.sana.sy\/es\/?p=342326","title":{"rendered":"Fuerzas yemen\u00edes derriban un dron MQ-9 Reaper estadounidense"},"content":{"rendered":"<p style=\"text-align: justify;\"><span style=\"color: #800000;\"><strong>San\u00e1, 11 nov (SANA)<\/strong><\/span> El portavoz de las Fuerzas Armadas Yemen\u00edes, Yahya Saree, comunic\u00f3 que otro dron MQ-9 Reaper de fabricaci\u00f3n estadounidense fue derribado por un misil tierra-aire.<\/p>\n<p style=\"text-align: justify;\">&#8220;Nuestras defensas a\u00e9reas lograron derribar un avi\u00f3n no tripulado estadounidense MQ-9 cuando realizaba misiones hostiles en el espacio a\u00e9reo de la gobernaci\u00f3n de Al Yauf en la madrugada de hoy, viernes&#8221;, declar\u00f3 el vocero.<\/p>\n<p style=\"text-align: justify;\">El n\u00famero de drones estadounidenses de este tipo derribados con \u00e9xito por las defensas a\u00e9reas yemen\u00edes lleg\u00f3 a doce.<\/p>\n<p style=\"text-align: justify;\">\n<p style=\"text-align: justify;\">fm\/as<\/p>\n","protected":false},"excerpt":{"rendered":"<p>San\u00e1, 11 nov (SANA) El portavoz de las Fuerzas Armadas Yemen\u00edes, Yahya Saree, comunic\u00f3 que otro dron MQ-9 Reaper de fabricaci\u00f3n estadounidense fue derribado por un misil tierra-aire. &#8220;Nuestras defensas a\u00e9reas lograron derribar un avi\u00f3n no tripulado estadounidense MQ-9 cuando realizaba misiones hostiles en el espacio a\u00e9reo de la gobernaci\u00f3n de Al Yauf en la &hellip;<\/p>\n","protected":false},"author":42,"featured_media":342327,"comment_status":"closed","ping_status":"closed","sticky":false,"template":"","format":"standard","meta":{"footnotes":""},"categories":[597,456,16687,20724,7541],"tags":[],"class_list":["post-342326","post","type-post","status-publish","format-standard","has-post-thumbnail","","category-cinta-de-noticias","category-arabe-internacional-politica","category-internacionales","category-minuto-a-minuto","category-ultimas-noticias"],"_links":{"self":[{"href":"https:\/\/archive.sana.sy\/es\/index.php?rest_route=\/wp\/v2\/posts\/342326"}],"collection":[{"href":"https:\/\/archive.sana.sy\/es\/index.php?rest_route=\/wp\/v2\/posts"}],"about":[{"href":"https:\/\/archive.sana.sy\/es\/index.php?rest_route=\/wp\/v2\/types\/post"}],"author":[{"embeddable":true,"href":"https:\/\/archive.sana.sy\/es\/index.php?rest_route=\/wp\/v2\/users\/42"}],"replies":[{"embeddable":true,"href":"https:\/\/archive.sana.sy\/es\/index.php?rest_route=%2Fwp%2Fv2%2Fcomments&post=342326"}],"version-history":[{"count":1,"href":"https:\/\/archive.sana.sy\/es\/index.php?rest_route=\/wp\/v2\/posts\/342326\/revisions"}],"predecessor-version":[{"id":342328,"href":"https:\/\/archive.sana.sy\/es\/index.php?rest_route=\/wp\/v2\/posts\/342326\/revisions\/342328"}],"wp:featuredmedia":[{"embeddable":true,"href":"https:\/\/archive.sana.sy\/es\/index.php?rest_route=\/wp\/v2\/media\/342327"}],"wp:attachment":[{"href":"https:\/\/archive.sana.sy\/es\/index.php?rest_route=%2Fwp%2Fv2%2Fmedia&parent=342326"}],"wp:term":[{"taxonomy":"category","embeddable":true,"href":"https:\/\/archive.sana.sy\/es\/index.php?rest_route=%2Fwp%2Fv2%2Fcategories&post=342326"},{"taxonomy":"post_tag","embeddable":true,"href":"https:\/\/archive.sana.sy\/es\/index.php?rest_route=%2Fwp%2Fv2%2Ftags&post=342326"}],"curies":[{"name":"wp","href":"https:\/\/api.w.org\/{rel}","templated":true}]}}