{"id":342349,"date":"2024-11-10T05:23:49","date_gmt":"2024-11-10T02:23:49","guid":{"rendered":"https:\/\/sana.sy\/es\/?p=342349"},"modified":"2024-11-10T05:23:49","modified_gmt":"2024-11-10T02:23:49","slug":"eeuu-y-reino-unidos-atacan-sana-la-capital-de-yemen","status":"publish","type":"post","link":"https:\/\/archive.sana.sy\/es\/?p=342349","title":{"rendered":"EEUU y Reino Unidos atacan San\u00e1, la capital de Yemen"},"content":{"rendered":"<p style=\"text-align: justify;\"><span style=\"color: #800000;\"><strong>San\u00e1, 10 nov (SANA)<\/strong> <\/span>Cazas estadounidenses y brit\u00e1nicos perpetraron hoy una nueva agresi\u00f3n contra la ciudad de San\u00e1, la capital yemen\u00ed.<\/p>\n<p style=\"text-align: justify;\">Una fuente de seguridad explic\u00f3 a la agencia de noticias yemen\u00ed Saba, que la aviaci\u00f3n b\u00e9lica estadounidense-brit\u00e1nico lanz\u00f3 tres ataques en las \u00e1reas de Al-Nahdain y Al-Hafa, en el departamento de Al-Sabeen, en la capital, San\u00e1.<\/p>\n<p style=\"text-align: justify;\">La v\u00edspera, dos similares incursiones apuntaron contra la gobernaci\u00f3n de Al-Hudaydah, en el oeste de Yemen.<\/p>\n<p style=\"text-align: justify;\">fm<\/p>\n","protected":false},"excerpt":{"rendered":"<p>San\u00e1, 10 nov (SANA) Cazas estadounidenses y brit\u00e1nicos perpetraron hoy una nueva agresi\u00f3n contra la ciudad de San\u00e1, la capital yemen\u00ed. Una fuente de seguridad explic\u00f3 a la agencia de noticias yemen\u00ed Saba, que la aviaci\u00f3n b\u00e9lica estadounidense-brit\u00e1nico lanz\u00f3 tres ataques en las \u00e1reas de Al-Nahdain y Al-Hafa, en el departamento de Al-Sabeen, en la &hellip;<\/p>\n","protected":false},"author":34,"featured_media":342350,"comment_status":"closed","ping_status":"closed","sticky":false,"template":"","format":"standard","meta":{"footnotes":""},"categories":[597,456,20724,7541],"tags":[],"class_list":["post-342349","post","type-post","status-publish","format-standard","has-post-thumbnail","","category-cinta-de-noticias","category-arabe-internacional-politica","category-minuto-a-minuto","category-ultimas-noticias"],"_links":{"self":[{"href":"https:\/\/archive.sana.sy\/es\/index.php?rest_route=\/wp\/v2\/posts\/342349"}],"collection":[{"href":"https:\/\/archive.sana.sy\/es\/index.php?rest_route=\/wp\/v2\/posts"}],"about":[{"href":"https:\/\/archive.sana.sy\/es\/index.php?rest_route=\/wp\/v2\/types\/post"}],"author":[{"embeddable":true,"href":"https:\/\/archive.sana.sy\/es\/index.php?rest_route=\/wp\/v2\/users\/34"}],"replies":[{"embeddable":true,"href":"https:\/\/archive.sana.sy\/es\/index.php?rest_route=%2Fwp%2Fv2%2Fcomments&post=342349"}],"version-history":[{"count":1,"href":"https:\/\/archive.sana.sy\/es\/index.php?rest_route=\/wp\/v2\/posts\/342349\/revisions"}],"predecessor-version":[{"id":342351,"href":"https:\/\/archive.sana.sy\/es\/index.php?rest_route=\/wp\/v2\/posts\/342349\/revisions\/342351"}],"wp:featuredmedia":[{"embeddable":true,"href":"https:\/\/archive.sana.sy\/es\/index.php?rest_route=\/wp\/v2\/media\/342350"}],"wp:attachment":[{"href":"https:\/\/archive.sana.sy\/es\/index.php?rest_route=%2Fwp%2Fv2%2Fmedia&parent=342349"}],"wp:term":[{"taxonomy":"category","embeddable":true,"href":"https:\/\/archive.sana.sy\/es\/index.php?rest_route=%2Fwp%2Fv2%2Fcategories&post=342349"},{"taxonomy":"post_tag","embeddable":true,"href":"https:\/\/archive.sana.sy\/es\/index.php?rest_route=%2Fwp%2Fv2%2Ftags&post=342349"}],"curies":[{"name":"wp","href":"https:\/\/api.w.org\/{rel}","templated":true}]}}