{"id":342363,"date":"2024-11-10T18:50:04","date_gmt":"2024-11-10T15:50:04","guid":{"rendered":"https:\/\/sana.sy\/es\/?p=342363"},"modified":"2024-11-10T20:09:35","modified_gmt":"2024-11-10T17:09:35","slug":"la-masacre-de-la-academia-militar-quien-esta-detras-de-este-crimen","status":"publish","type":"post","link":"https:\/\/archive.sana.sy\/es\/?p=342363","title":{"rendered":"La masacre de la Academia Militar, \u00bfqui\u00e9n est\u00e1 detr\u00e1s de este crimen?"},"content":{"rendered":"<blockquote>\n<p style=\"text-align: justify;\"><span style=\"color: #993300;\"><strong>Quiz\u00e1s fue un intento de retroceder 13 a\u00f1os en el tiempo, y un mensaje para animar a las c\u00e9lulas inactivas para desencadenar la guerra que ya Siria intenta ponerla fin.<\/strong><\/span><\/p>\n<p style=\"text-align: justify;\"><span style=\"color: #993300;\"><strong>Hasta la fecha, ninguna parte ha reivindicado oficialmente la responsabilidad de este ataque, pero no es dif\u00edcil adivinar qui\u00e9nes son las manos manchadas de la sangre de estas personas inocentes.<\/strong><\/span><\/p>\n<\/blockquote>\n<p style=\"text-align: justify;\"><span style=\"color: #800000;\"><strong>Damasco, 3 nov (SANA)\u00a0<\/strong><\/span> \u00a0Hace un poco m\u00e1s de un a\u00f1o, la celebraci\u00f3n de las familias sirias por la graduaci\u00f3n de sus hijos en la Academia Militar en la provincia de Homs se convirti\u00f3 en un escenario de muerte masiva despu\u00e9s de que el terrorismo destruyera su alegr\u00eda con drones cargados con proyectiles.<\/p>\n<p style=\"text-align: justify;\">Alrededor de 100 personas murieron y otras m\u00e1s resultaron heridas durante la ceremonia anual en la que se graduar\u00edan como tenientes tras cuatro a\u00f1os de duro entrenamiento y formaci\u00f3n militar.<\/p>\n<p style=\"text-align: justify;\">El ataque terrorista, cuyos autores hicieron coincidir el odio de sus bombas con los momentos en que los estudiantes oficiales iban a tomarse fotograf\u00edas conmemorativas con sus padres, hermanos y amigos cercanos, convirti\u00f3 estos momentos m\u00e1s bellos y esperados en un escenario de su crimen de lesa humanidad&#8230;<\/p>\n<p style=\"text-align: justify;\">Un acto tan cobarde como \u00e9ste contra esta instituci\u00f3n militar no tiene precedentes, en t\u00e9rminos del equipamiento militar que fue utilizado y de quienes lo llevaron a cabo, as\u00ed como en t\u00e9rminos de las personas que pretendieron asesinar, por no hablar del notable e importante momento que eligieron para perpetrar la agresi\u00f3n.<\/p>\n<p style=\"text-align: justify;\"><span style=\"font-size: 14pt; color: #0000ff;\"><strong>Turqu\u00eda y sus aliados<\/strong><\/span><\/p>\n<p style=\"text-align: justify;\">A primera vista, la atenci\u00f3n de los observadores se centr\u00f3 en Turqu\u00eda como fuente para suministrar a las facciones terroristas desplegadas en el noroeste de Siria con drones avanzados que se utilizaron para llevar a cabo este ataque, en primer lugar, debido a la superioridad de producci\u00f3n de drones de la industria militar turca, y en segundo lugar por los v\u00ednculos especiales que Ankara une con estas terroristas, de modo que sus campamentos militares, bases y puntos de despliegue est\u00e1n adyacentes entre s\u00ed .<\/p>\n<p style=\"text-align: justify;\">El dedo acusador estaba dirigido al r\u00e9gimen turco y las organizaciones terroristas que apoya, incluido el Partido Isl\u00e1mico Turquest\u00e1n-Uigur, porque ciertamente estaban enojados por la visita del presidente sirio a Beijing, sus di\u00e1logos estrat\u00e9gicos con los l\u00edderes chinos y los frecuentes informes de una intervenci\u00f3n china en la crisis siria como pretexto: primero la inversi\u00f3n y la reconstrucci\u00f3n, luego la pol\u00edtica y la diplomacia, y quiz\u00e1s el despliegue militar en las costas orientales del Mediterr\u00e1neo, en \u00faltimo lugar.<\/p>\n<p style=\"text-align: justify;\">Estos forajidos chinos, que huyeron a miles de kil\u00f3metros de las fronteras de su pa\u00eds, nunca estar\u00e1n contentos con que China llegue a donde se encuentran sus refugios seguros, que construyeron sobre las ruinas de iglesias y sobre las casas y propiedades de los residentes de las aldeas y ciudades sirias.<\/p>\n<p style=\"text-align: justify;\"><span style=\"color: #0000ff; font-size: 14pt;\"><strong>\u201cIsrael\u201d y Estados Unidos<\/strong><\/span><\/p>\n<p style=\"text-align: justify;\">Hay otras entidades y gobiernos, a la cabeza de los cuales est\u00e1 \u201cIsrael\u201d, que no dudar\u00e1n en cometer, facilitar o conspirar en cualquier acto hostil a Siria.<\/p>\n<p style=\"text-align: justify;\">Hay 28 sitios militares estadounidenses repartidos ilegalmente en Siria, incluidas 24 bases militares y 4 puntos de presencia. Seg\u00fan la informaci\u00f3n, estas bases incluyen a m\u00e1s de dos mil militares estadounidenses, bajo el pretexto de apoyar a las llamadas Fuerzas Democr\u00e1ticas Sirias (FDS) e impedir el ascenso de organizaci\u00f3n terrorista Estado Isl\u00e1mico.<\/p>\n<p style=\"text-align: justify;\">Desde el inicio de la agresi\u00f3n israel\u00ed contra Gaza el pasado 7 de octubre de 2023, Washington ha reforzado enormemente su presencia en la regi\u00f3n de Oriente Medio en apoyo a \u201cIsrael\u201d en su guerra contra la resistencia palestina, mediante el despliegue del portaaviones de ataque &#8220;USS Gerald Ford&#8221;. &#8220;, que est\u00e1 acompa\u00f1ada por una fuerza naval que incluye alrededor de 5.000 marines y un grupo de aviones de combate, cruceros y destructores.<br \/>\nLuego, se le adjunt\u00f3 el portaaviones nuclear &#8220;Eisenhower&#8221; y lleva a bordo unos 5.000 soldados y puede transportar hasta 9 escuadrones de aviones, entre los que se incluyen cazas, helic\u00f3pteros y aviones de reconocimiento, adem\u00e1s de cruceros y destructores de misiles.<\/p>\n<p style=\"text-align: justify;\">Por otro lado, desde el inicio de la guerra en Siria hace 13 a\u00f1os, \u201cIsrael\u201d no ha dejado de bombardear sitios y regiones en Siria. Todas estas violaciones y actos descarados se est\u00e1n cometiendo frente a todo el mundo&#8230; No se descarta que \u201cIsrael\u201d o EEUU est\u00e9n detr\u00e1s del ataque a la Academia Militar.<\/p>\n<p style=\"text-align: justify;\"><span style=\"color: #0000ff;\"><strong>Francia y las operaciones de espionaje<\/strong><\/span><\/p>\n<p style=\"text-align: justify;\">Fuentes sirias confiables revelaron un papel de la inteligencia francesa en el entrenamiento de agrupaciones armadas para enviarlas al noreste de Siria.<\/p>\n<p style=\"text-align: justify;\">Francia, perseguida en el Sahel y en todo el continente africano, ya no tiene punto de apoyo en Siria. Ha sentido que su \u201clegado\u201d en Siria ha sido compartido entre Washington, Ankara y actores menos importantes que su imperio.<\/p>\n<p style=\"text-align: justify;\">Francia, cuyo gigante cementero &#8220;Lafarge&#8221; no dud\u00f3 en financiar al grupo terrorista Estado Isl\u00e1mico (Daesh) en Raqa, no puede descartar su implicaci\u00f3n en los acontecimientos del norte de Siria, ni negar sus v\u00ednculos con los extremistas, incluidos las que planearon y ejecutaron el atentado terrorista contra los graduados y sus familias en el Academia Militar de Homs.<\/p>\n<p style=\"text-align: justify;\">Los terroristas de (Daesh) permitieron a Lafarge continuar la producci\u00f3n de la f\u00e1brica de Lafarge en el norte de Siria a cambio de 13 millones de euros. Con el cemento proporcionado, el grupo terrorista construy\u00f3 refugios y t\u00faneles mientras que Lafarge utiliz\u00f3 contratos falsos para comprar a los terroristas combustible robado al Estado y pueblo sirio.<\/p>\n<p style=\"text-align: justify;\">Lafarge no solo inform\u00f3 a la inteligencia francesa sobre su apoyo y financiamiento de \u201cDaesh\u201d y otras organizaciones terroristas, sino que tambi\u00e9n proporcion\u00f3 al gobierno franc\u00e9s noticias e informaci\u00f3n sobre el norte de Siria. La inteligencia francesa, con dicha informaci\u00f3n, habilit\u00f3 la coordinaci\u00f3n con &#8220;Deash&#8221; y las agrupaciones armadas.<\/p>\n<p style=\"text-align: justify;\"><span style=\"color: #0000ff; font-size: 14pt;\"><strong>2011 se repite<\/strong><\/span><\/p>\n<p style=\"text-align: justify;\">En cuanto al momento del ataque, los planificadores debieron tener en mente el objetivo de perturbar la celebraci\u00f3n del cincuentenario de la Guerra de Liberaci\u00f3n de Octubre.<\/p>\n<p style=\"text-align: justify;\">Quiz\u00e1s sab\u00edan que celebrar este aniversario cada a\u00f1o les proporcionaba un objetivo perfecto e importante en cuanto al n\u00famero de oficiales de alto rango que se reun\u00edan en la Academia para completar las ceremonias de graduaci\u00f3n de un nuevo grupo de oficiales.<\/p>\n<p style=\"text-align: justify;\">Quiz\u00e1s fue un intento de retroceder 13 a\u00f1os en el tiempo, y un mensaje para animar a las c\u00e9lulas inactivas para desencadenar la guerra que ya Siria intenta ponerla fin.<\/p>\n<p style=\"text-align: justify;\">Hasta la fecha, ninguna parte ha reivindicado oficialmente la responsabilidad de este ataque, pero no es dif\u00edcil adivinar qui\u00e9nes son las manos manchadas de la sangre de estas personas inocentes.<\/p>\n<p style=\"text-align: justify;\">Quien pueda bombardear una mezquita o una escuela que alberga a cientos de ni\u00f1os, mujeres y ancianos no dudar\u00e1n ni un momento en matar incluso a estas familias junto con sus hijos que vinieron a celebrar su graduaci\u00f3n.<\/p>\n<p style=\"text-align: justify;\">Al final, el objetivo de la ceremonia de graduaci\u00f3n puede haber sido ascender al rango de teniente, pero la mayor\u00eda de los hombres de nuestro ej\u00e9rcito sirio alcanzan rangos m\u00e1s altos que todos estos, logrando el honor del martirio para su patria y su pueblo.<\/p>\n<p style=\"text-align: justify;\"><span style=\"color: #800000;\"><strong>Por Watfeh Salloum<\/strong><\/span><\/p>\n","protected":false},"excerpt":{"rendered":"<p>Quiz\u00e1s fue un intento de retroceder 13 a\u00f1os en el tiempo, y un mensaje para animar a las c\u00e9lulas inactivas para desencadenar la guerra que ya Siria intenta ponerla fin. Hasta la fecha, ninguna parte ha reivindicado oficialmente la responsabilidad de este ataque, pero no es dif\u00edcil adivinar qui\u00e9nes son las manos manchadas de la &hellip;<\/p>\n","protected":false},"author":35,"featured_media":342364,"comment_status":"closed","ping_status":"closed","sticky":false,"template":"","format":"standard","meta":{"footnotes":""},"categories":[477,447,597,20724,476,7541,18781],"tags":[],"class_list":["post-342363","post","type-post","status-publish","format-standard","has-post-thumbnail","","category-noticias-edulcorantes","category-local-politica","category-cinta-de-noticias","category-minuto-a-minuto","category-locales","category-ultimas-noticias","category-vistazos-sobre-siria"],"_links":{"self":[{"href":"https:\/\/archive.sana.sy\/es\/index.php?rest_route=\/wp\/v2\/posts\/342363"}],"collection":[{"href":"https:\/\/archive.sana.sy\/es\/index.php?rest_route=\/wp\/v2\/posts"}],"about":[{"href":"https:\/\/archive.sana.sy\/es\/index.php?rest_route=\/wp\/v2\/types\/post"}],"author":[{"embeddable":true,"href":"https:\/\/archive.sana.sy\/es\/index.php?rest_route=\/wp\/v2\/users\/35"}],"replies":[{"embeddable":true,"href":"https:\/\/archive.sana.sy\/es\/index.php?rest_route=%2Fwp%2Fv2%2Fcomments&post=342363"}],"version-history":[{"count":3,"href":"https:\/\/archive.sana.sy\/es\/index.php?rest_route=\/wp\/v2\/posts\/342363\/revisions"}],"predecessor-version":[{"id":342445,"href":"https:\/\/archive.sana.sy\/es\/index.php?rest_route=\/wp\/v2\/posts\/342363\/revisions\/342445"}],"wp:featuredmedia":[{"embeddable":true,"href":"https:\/\/archive.sana.sy\/es\/index.php?rest_route=\/wp\/v2\/media\/342364"}],"wp:attachment":[{"href":"https:\/\/archive.sana.sy\/es\/index.php?rest_route=%2Fwp%2Fv2%2Fmedia&parent=342363"}],"wp:term":[{"taxonomy":"category","embeddable":true,"href":"https:\/\/archive.sana.sy\/es\/index.php?rest_route=%2Fwp%2Fv2%2Fcategories&post=342363"},{"taxonomy":"post_tag","embeddable":true,"href":"https:\/\/archive.sana.sy\/es\/index.php?rest_route=%2Fwp%2Fv2%2Ftags&post=342363"}],"curies":[{"name":"wp","href":"https:\/\/api.w.org\/{rel}","templated":true}]}}