{"id":342389,"date":"2024-11-10T12:51:50","date_gmt":"2024-11-10T09:51:50","guid":{"rendered":"https:\/\/sana.sy\/es\/?p=342389"},"modified":"2024-11-10T17:58:49","modified_gmt":"2024-11-10T14:58:49","slug":"inicia-en-riad-la-reunion-preparatoria-para-la-cumbre-conjunta-arabo-islamica","status":"publish","type":"post","link":"https:\/\/archive.sana.sy\/es\/?p=342389","title":{"rendered":"Inicia en Riad la reuni\u00f3n preparatoria para la Cumbre Conjunta \u00c1rabo-isl\u00e1mica"},"content":{"rendered":"<p style=\"text-align: justify;\"><span style=\"color: #800000;\"><strong>Riad, 10 nov (SANA)\u00a0 \u00a0<\/strong><\/span> La reuni\u00f3n preparatoria de ministros de Asuntos Exteriores para la Cumbre Conjunta \u00c1rabo-isl\u00e1mica, inici\u00f3 hoy en Riad, la capital saudita.<\/p>\n<p style=\"text-align: justify;\">El evento cuenta con la presencia del ministro sirio de Asuntos Exteriores y Expatriados, Bassam Sabbagh, y abordar\u00e1 como tema principal las agresiones israel\u00edes contra Gaza, L\u00edbano y otras naciones de la regi\u00f3n.<\/p>\n<div id='gallery-1' class='gallery galleryid-342389 gallery-columns-1 gallery-size-full'><figure class='gallery-item'>\n\t\t\t<div class='gallery-icon landscape'>\n\t\t\t\t<a href='https:\/\/archive.sana.sy\/es\/wp-content\/uploads\/2024\/11\/photo_2024-11-10_11-42-10-scaled.jpg'><img loading=\"lazy\" decoding=\"async\" width=\"2560\" height=\"1700\" src=\"https:\/\/archive.sana.sy\/es\/wp-content\/uploads\/2024\/11\/photo_2024-11-10_11-42-10-scaled.jpg\" class=\"attachment-full size-full\" alt=\"\" srcset=\"https:\/\/archive.sana.sy\/es\/wp-content\/uploads\/2024\/11\/photo_2024-11-10_11-42-10-scaled.jpg 2560w, https:\/\/archive.sana.sy\/es\/wp-content\/uploads\/2024\/11\/photo_2024-11-10_11-42-10-300x199.jpg 300w, https:\/\/archive.sana.sy\/es\/wp-content\/uploads\/2024\/11\/photo_2024-11-10_11-42-10-1024x680.jpg 1024w, https:\/\/archive.sana.sy\/es\/wp-content\/uploads\/2024\/11\/photo_2024-11-10_11-42-10-150x100.jpg 150w, https:\/\/archive.sana.sy\/es\/wp-content\/uploads\/2024\/11\/photo_2024-11-10_11-42-10-768x510.jpg 768w, https:\/\/archive.sana.sy\/es\/wp-content\/uploads\/2024\/11\/photo_2024-11-10_11-42-10-1536x1020.jpg 1536w, https:\/\/archive.sana.sy\/es\/wp-content\/uploads\/2024\/11\/photo_2024-11-10_11-42-10-2048x1360.jpg 2048w, https:\/\/archive.sana.sy\/es\/wp-content\/uploads\/2024\/11\/photo_2024-11-10_11-42-10-310x205.jpg 310w\" sizes=\"(max-width: 2560px) 100vw, 2560px\" \/><\/a>\n\t\t\t<\/div><\/figure><figure class='gallery-item'>\n\t\t\t<div class='gallery-icon landscape'>\n\t\t\t\t<a href='https:\/\/archive.sana.sy\/es\/wp-content\/uploads\/2024\/11\/\u0627\u062c\u062a\u0645\u0627\u0639-\u0627\u0644\u0648\u0632\u0631\u0627\u0621-1-of-1-3-scaled.jpg'><img loading=\"lazy\" decoding=\"async\" width=\"2560\" height=\"1536\" src=\"https:\/\/archive.sana.sy\/es\/wp-content\/uploads\/2024\/11\/\u0627\u062c\u062a\u0645\u0627\u0639-\u0627\u0644\u0648\u0632\u0631\u0627\u0621-1-of-1-3-scaled.jpg\" class=\"attachment-full size-full\" alt=\"\" srcset=\"https:\/\/archive.sana.sy\/es\/wp-content\/uploads\/2024\/11\/\u0627\u062c\u062a\u0645\u0627\u0639-\u0627\u0644\u0648\u0632\u0631\u0627\u0621-1-of-1-3-scaled.jpg 2560w, https:\/\/archive.sana.sy\/es\/wp-content\/uploads\/2024\/11\/\u0627\u062c\u062a\u0645\u0627\u0639-\u0627\u0644\u0648\u0632\u0631\u0627\u0621-1-of-1-3-300x180.jpg 300w, https:\/\/archive.sana.sy\/es\/wp-content\/uploads\/2024\/11\/\u0627\u062c\u062a\u0645\u0627\u0639-\u0627\u0644\u0648\u0632\u0631\u0627\u0621-1-of-1-3-1024x614.jpg 1024w, https:\/\/archive.sana.sy\/es\/wp-content\/uploads\/2024\/11\/\u0627\u062c\u062a\u0645\u0627\u0639-\u0627\u0644\u0648\u0632\u0631\u0627\u0621-1-of-1-3-150x90.jpg 150w, https:\/\/archive.sana.sy\/es\/wp-content\/uploads\/2024\/11\/\u0627\u062c\u062a\u0645\u0627\u0639-\u0627\u0644\u0648\u0632\u0631\u0627\u0621-1-of-1-3-768x461.jpg 768w, https:\/\/archive.sana.sy\/es\/wp-content\/uploads\/2024\/11\/\u0627\u062c\u062a\u0645\u0627\u0639-\u0627\u0644\u0648\u0632\u0631\u0627\u0621-1-of-1-3-1536x922.jpg 1536w, https:\/\/archive.sana.sy\/es\/wp-content\/uploads\/2024\/11\/\u0627\u062c\u062a\u0645\u0627\u0639-\u0627\u0644\u0648\u0632\u0631\u0627\u0621-1-of-1-3-2048x1229.jpg 2048w\" sizes=\"(max-width: 2560px) 100vw, 2560px\" \/><\/a>\n\t\t\t<\/div><\/figure>\n\t\t<\/div>\n\n<p style=\"text-align: justify;\"><strong><span style=\"color: #800000;\">fm\/ws<\/span><\/strong><\/p>\n","protected":false},"excerpt":{"rendered":"<p>Riad, 10 nov (SANA)\u00a0 \u00a0 La reuni\u00f3n preparatoria de ministros de Asuntos Exteriores para la Cumbre Conjunta \u00c1rabo-isl\u00e1mica, inici\u00f3 hoy en Riad, la capital saudita. El evento cuenta con la presencia del ministro sirio de Asuntos Exteriores y Expatriados, Bassam Sabbagh, y abordar\u00e1 como tema principal las agresiones israel\u00edes contra Gaza, L\u00edbano y otras naciones &hellip;<\/p>\n","protected":false},"author":35,"featured_media":342390,"comment_status":"closed","ping_status":"closed","sticky":false,"template":"","format":"standard","meta":{"footnotes":""},"categories":[597,20724,467,7541],"tags":[],"class_list":["post-342389","post","type-post","status-publish","format-standard","has-post-thumbnail","","category-cinta-de-noticias","category-minuto-a-minuto","category-siria-y-el-mundo","category-ultimas-noticias"],"_links":{"self":[{"href":"https:\/\/archive.sana.sy\/es\/index.php?rest_route=\/wp\/v2\/posts\/342389"}],"collection":[{"href":"https:\/\/archive.sana.sy\/es\/index.php?rest_route=\/wp\/v2\/posts"}],"about":[{"href":"https:\/\/archive.sana.sy\/es\/index.php?rest_route=\/wp\/v2\/types\/post"}],"author":[{"embeddable":true,"href":"https:\/\/archive.sana.sy\/es\/index.php?rest_route=\/wp\/v2\/users\/35"}],"replies":[{"embeddable":true,"href":"https:\/\/archive.sana.sy\/es\/index.php?rest_route=%2Fwp%2Fv2%2Fcomments&post=342389"}],"version-history":[{"count":5,"href":"https:\/\/archive.sana.sy\/es\/index.php?rest_route=\/wp\/v2\/posts\/342389\/revisions"}],"predecessor-version":[{"id":342438,"href":"https:\/\/archive.sana.sy\/es\/index.php?rest_route=\/wp\/v2\/posts\/342389\/revisions\/342438"}],"wp:featuredmedia":[{"embeddable":true,"href":"https:\/\/archive.sana.sy\/es\/index.php?rest_route=\/wp\/v2\/media\/342390"}],"wp:attachment":[{"href":"https:\/\/archive.sana.sy\/es\/index.php?rest_route=%2Fwp%2Fv2%2Fmedia&parent=342389"}],"wp:term":[{"taxonomy":"category","embeddable":true,"href":"https:\/\/archive.sana.sy\/es\/index.php?rest_route=%2Fwp%2Fv2%2Fcategories&post=342389"},{"taxonomy":"post_tag","embeddable":true,"href":"https:\/\/archive.sana.sy\/es\/index.php?rest_route=%2Fwp%2Fv2%2Ftags&post=342389"}],"curies":[{"name":"wp","href":"https:\/\/api.w.org\/{rel}","templated":true}]}}