{"id":34239,"date":"2015-11-26T11:00:55","date_gmt":"2015-11-26T09:00:55","guid":{"rendered":"http:\/\/sana.sy\/es\/?p=34239"},"modified":"2015-11-26T11:05:41","modified_gmt":"2015-11-26T09:05:41","slug":"muere-un-joven-palestino-por-disparos-sionistas-al-norte-de-jerusalen","status":"publish","type":"post","link":"https:\/\/archive.sana.sy\/es\/?p=34239","title":{"rendered":"Muere un joven palestino por disparos sionistas al norte de Jerusal\u00e9n"},"content":{"rendered":"<p><span style=\"color: #800000\">Jerusal\u00e9n, SANA<\/span><\/p>\n<p>Un joven palestino muri\u00f3 este jueves por disparos de las fuerzas de ocupaci\u00f3n israel\u00edes al norte de la ocupada ciudad de Jerusal\u00e9n.<\/p>\n<p>El incidente se produjo durante una irrupci\u00f3n de las fuerzas de ocupaci\u00f3n israel\u00edes contra el poblado de Qatana al noroeste de Jerusal\u00e9n, donde los soldados israel\u00edes abandonaron al joven sangrando e impidieron que las ambulancias llegaran a \u00e9l.<\/p>\n<p>Las fuerzas israel\u00edes tambi\u00e9n impusieron un cerco al poblado y cerraron todos sus accesos y detuvieron a un n\u00famero de sus pobladores.<\/p>\n<p>El mi\u00e9rcoles, un joven palestino fue asesinado por las fuerzas de ocupaci\u00f3n israel\u00edes al sur de Hebr\u00f3n, en Cisjordania.<\/p>\n<p><span style=\"color: #00ccff\">Fady m., Hala B.<\/span><\/p>\n","protected":false},"excerpt":{"rendered":"<p>Jerusal\u00e9n, SANA Un joven palestino muri\u00f3 este jueves por disparos de las fuerzas de ocupaci\u00f3n israel\u00edes al norte de la ocupada ciudad de Jerusal\u00e9n. El incidente se produjo durante una irrupci\u00f3n de las fuerzas de ocupaci\u00f3n israel\u00edes contra el poblado de Qatana al noroeste de Jerusal\u00e9n, donde los soldados israel\u00edes abandonaron al joven sangrando e &hellip;<\/p>\n","protected":false},"author":1,"featured_media":34240,"comment_status":"closed","ping_status":"closed","sticky":false,"template":"","format":"standard","meta":{"footnotes":""},"categories":[597,456,457],"tags":[7475],"class_list":["post-34239","post","type-post","status-publish","format-standard","has-post-thumbnail","","category-cinta-de-noticias","category-arabe-internacional-politica","category-noticias-arabe-internacional-politica","tag-muere-un-joven-palestino-por-disparos-sionistas-al-norte-de-jerusalen"],"_links":{"self":[{"href":"https:\/\/archive.sana.sy\/es\/index.php?rest_route=\/wp\/v2\/posts\/34239"}],"collection":[{"href":"https:\/\/archive.sana.sy\/es\/index.php?rest_route=\/wp\/v2\/posts"}],"about":[{"href":"https:\/\/archive.sana.sy\/es\/index.php?rest_route=\/wp\/v2\/types\/post"}],"author":[{"embeddable":true,"href":"https:\/\/archive.sana.sy\/es\/index.php?rest_route=\/wp\/v2\/users\/1"}],"replies":[{"embeddable":true,"href":"https:\/\/archive.sana.sy\/es\/index.php?rest_route=%2Fwp%2Fv2%2Fcomments&post=34239"}],"version-history":[{"count":0,"href":"https:\/\/archive.sana.sy\/es\/index.php?rest_route=\/wp\/v2\/posts\/34239\/revisions"}],"wp:featuredmedia":[{"embeddable":true,"href":"https:\/\/archive.sana.sy\/es\/index.php?rest_route=\/wp\/v2\/media\/34240"}],"wp:attachment":[{"href":"https:\/\/archive.sana.sy\/es\/index.php?rest_route=%2Fwp%2Fv2%2Fmedia&parent=34239"}],"wp:term":[{"taxonomy":"category","embeddable":true,"href":"https:\/\/archive.sana.sy\/es\/index.php?rest_route=%2Fwp%2Fv2%2Fcategories&post=34239"},{"taxonomy":"post_tag","embeddable":true,"href":"https:\/\/archive.sana.sy\/es\/index.php?rest_route=%2Fwp%2Fv2%2Ftags&post=34239"}],"curies":[{"name":"wp","href":"https:\/\/api.w.org\/{rel}","templated":true}]}}