{"id":342421,"date":"2024-11-10T16:02:50","date_gmt":"2024-11-10T13:02:50","guid":{"rendered":"https:\/\/sana.sy\/es\/?p=342421"},"modified":"2024-11-10T16:03:14","modified_gmt":"2024-11-10T13:03:14","slug":"cuba-esta-de-pie-unida-y-recuperandose-afirma-presidente-diaz-canel","status":"publish","type":"post","link":"https:\/\/archive.sana.sy\/es\/?p=342421","title":{"rendered":"Cuba est\u00e1 de pie, unida y recuper\u00e1ndose, afirma presidente D\u00edaz Canel"},"content":{"rendered":"<p style=\"text-align: justify;\"><span style=\"color: #800000;\"><strong>La Habana, 10 nov (SANA)<\/strong> <\/span>Cuba est\u00e1 de pie y recuper\u00e1ndose, con m\u00faltiples muestras de solidaridad interna y desde otras naciones del mundo, afirm\u00f3 el presidente cubano Miguel D\u00edaz-Canel, tras recorrer municipios afectados por el hurac\u00e1n Rafael.<\/p>\n<p style=\"text-align: justify;\">En di\u00e1logo con la prensa, el mandatario destac\u00f3 la amplia participaci\u00f3n del pueblo encabezado por j\u00f3venes, estudiantes y fuerzas de las instituciones armadas como muestra de unidad nacional ante las adversidades, contrario a la imagen de desaliento que algunos medios de prensa internacionales divulgan, dijo.<img loading=\"lazy\" decoding=\"async\" class=\"size-medium wp-image-342423 alignright\" src=\"http:\/\/sana.sy\/es\/wp-content\/uploads\/2024\/11\/photo_2024-11-10_15-58-14-300x215.jpg\" alt=\"\" width=\"300\" height=\"215\" srcset=\"https:\/\/archive.sana.sy\/es\/wp-content\/uploads\/2024\/11\/photo_2024-11-10_15-58-14-300x215.jpg 300w, https:\/\/archive.sana.sy\/es\/wp-content\/uploads\/2024\/11\/photo_2024-11-10_15-58-14-150x108.jpg 150w, https:\/\/archive.sana.sy\/es\/wp-content\/uploads\/2024\/11\/photo_2024-11-10_15-58-14-768x551.jpg 768w, https:\/\/archive.sana.sy\/es\/wp-content\/uploads\/2024\/11\/photo_2024-11-10_15-58-14.jpg 1024w\" sizes=\"(max-width: 300px) 100vw, 300px\" \/><\/p>\n<p style=\"text-align: justify;\">El jefe de Estado inform\u00f3, adem\u00e1s, que en los \u00faltimos d\u00edas se reuni\u00f3 con embajadores y representantes de pa\u00edses que expresaron la voluntad de sus gobiernos de enviar la ayuda necesaria a Cuba.<\/p>\n<p style=\"text-align: justify;\">D\u00edaz-Canel recorri\u00f3 cinco municipios capitalinos en los que son visibles a\u00fan las huellas del hurac\u00e1n Rafael, que azot\u00f3 este 5 de noviembre el occidente cubano con categor\u00eda 3 en la escala Saffir Simpson.<\/p>\n<p style=\"text-align: justify;\">fm\/as<\/p>\n","protected":false},"excerpt":{"rendered":"<p>La Habana, 10 nov (SANA) Cuba est\u00e1 de pie y recuper\u00e1ndose, con m\u00faltiples muestras de solidaridad interna y desde otras naciones del mundo, afirm\u00f3 el presidente cubano Miguel D\u00edaz-Canel, tras recorrer municipios afectados por el hurac\u00e1n Rafael. En di\u00e1logo con la prensa, el mandatario destac\u00f3 la amplia participaci\u00f3n del pueblo encabezado por j\u00f3venes, estudiantes y &hellip;<\/p>\n","protected":false},"author":42,"featured_media":342424,"comment_status":"closed","ping_status":"closed","sticky":false,"template":"","format":"standard","meta":{"footnotes":""},"categories":[597,456,16687,20724,7541],"tags":[],"class_list":["post-342421","post","type-post","status-publish","format-standard","has-post-thumbnail","","category-cinta-de-noticias","category-arabe-internacional-politica","category-internacionales","category-minuto-a-minuto","category-ultimas-noticias"],"_links":{"self":[{"href":"https:\/\/archive.sana.sy\/es\/index.php?rest_route=\/wp\/v2\/posts\/342421"}],"collection":[{"href":"https:\/\/archive.sana.sy\/es\/index.php?rest_route=\/wp\/v2\/posts"}],"about":[{"href":"https:\/\/archive.sana.sy\/es\/index.php?rest_route=\/wp\/v2\/types\/post"}],"author":[{"embeddable":true,"href":"https:\/\/archive.sana.sy\/es\/index.php?rest_route=\/wp\/v2\/users\/42"}],"replies":[{"embeddable":true,"href":"https:\/\/archive.sana.sy\/es\/index.php?rest_route=%2Fwp%2Fv2%2Fcomments&post=342421"}],"version-history":[{"count":1,"href":"https:\/\/archive.sana.sy\/es\/index.php?rest_route=\/wp\/v2\/posts\/342421\/revisions"}],"predecessor-version":[{"id":342425,"href":"https:\/\/archive.sana.sy\/es\/index.php?rest_route=\/wp\/v2\/posts\/342421\/revisions\/342425"}],"wp:featuredmedia":[{"embeddable":true,"href":"https:\/\/archive.sana.sy\/es\/index.php?rest_route=\/wp\/v2\/media\/342424"}],"wp:attachment":[{"href":"https:\/\/archive.sana.sy\/es\/index.php?rest_route=%2Fwp%2Fv2%2Fmedia&parent=342421"}],"wp:term":[{"taxonomy":"category","embeddable":true,"href":"https:\/\/archive.sana.sy\/es\/index.php?rest_route=%2Fwp%2Fv2%2Fcategories&post=342421"},{"taxonomy":"post_tag","embeddable":true,"href":"https:\/\/archive.sana.sy\/es\/index.php?rest_route=%2Fwp%2Fv2%2Ftags&post=342421"}],"curies":[{"name":"wp","href":"https:\/\/api.w.org\/{rel}","templated":true}]}}