{"id":342428,"date":"2024-11-10T19:00:07","date_gmt":"2024-11-10T16:00:07","guid":{"rendered":"https:\/\/sana.sy\/es\/?p=342428"},"modified":"2024-11-10T19:47:00","modified_gmt":"2024-11-10T16:47:00","slug":"cancilleres-de-siria-y-egipto-abordan-cooperacion-bilateral","status":"publish","type":"post","link":"https:\/\/archive.sana.sy\/es\/?p=342428","title":{"rendered":"Cancilleres de Siria y Egipto abordan cooperaci\u00f3n bilateral"},"content":{"rendered":"<p style=\"text-align: justify;\"><span style=\"color: #800000;\"><strong>Riad, 10 nov (SANA)<\/strong> <\/span>El ministro sirio de Asuntos Exteriores y Expatriados, Bassam Sabbagh, se reuni\u00f3 hoy con su hom\u00f3logo egipcio, Badr Abdel-Aty.<\/p>\n<p style=\"text-align: justify;\">La cita tuvo lugar en el marco de la participaci\u00f3n de ambos cancilleres en la reuni\u00f3n preparatoria para la cumbre conjunta \u00e1rabe-isl\u00e1mica que se celebrar\u00e1 en Riad, la capital saudita.<\/p>\n<p style=\"text-align: justify;\">Las dos partes intercambiaron opiniones sobre la agenda de la cumbre, incluido el proyecto de resoluci\u00f3n que se le present\u00f3.<\/p>\n<p style=\"text-align: justify;\">Tambi\u00e9n, repasaron algunos aspectos de las relaciones bilaterales entre los dos pa\u00edses y la importancia de mejorar la cooperaci\u00f3n en favor de los intereses comunes.<\/p>\n<p style=\"text-align: justify;\">A la reuni\u00f3n asisti\u00f3 la delegaci\u00f3n que acompa\u00f1a al Ministro de Asuntos Exteriores y Expatriados.<\/p>\n<p style=\"text-align: justify;\">fm\/as<\/p>\n","protected":false},"excerpt":{"rendered":"<p>Riad, 10 nov (SANA) El ministro sirio de Asuntos Exteriores y Expatriados, Bassam Sabbagh, se reuni\u00f3 hoy con su hom\u00f3logo egipcio, Badr Abdel-Aty. La cita tuvo lugar en el marco de la participaci\u00f3n de ambos cancilleres en la reuni\u00f3n preparatoria para la cumbre conjunta \u00e1rabe-isl\u00e1mica que se celebrar\u00e1 en Riad, la capital saudita. Las dos &hellip;<\/p>\n","protected":false},"author":42,"featured_media":342429,"comment_status":"closed","ping_status":"closed","sticky":false,"template":"","format":"standard","meta":{"footnotes":""},"categories":[597,20724,467,7541],"tags":[],"class_list":["post-342428","post","type-post","status-publish","format-standard","has-post-thumbnail","","category-cinta-de-noticias","category-minuto-a-minuto","category-siria-y-el-mundo","category-ultimas-noticias"],"_links":{"self":[{"href":"https:\/\/archive.sana.sy\/es\/index.php?rest_route=\/wp\/v2\/posts\/342428"}],"collection":[{"href":"https:\/\/archive.sana.sy\/es\/index.php?rest_route=\/wp\/v2\/posts"}],"about":[{"href":"https:\/\/archive.sana.sy\/es\/index.php?rest_route=\/wp\/v2\/types\/post"}],"author":[{"embeddable":true,"href":"https:\/\/archive.sana.sy\/es\/index.php?rest_route=\/wp\/v2\/users\/42"}],"replies":[{"embeddable":true,"href":"https:\/\/archive.sana.sy\/es\/index.php?rest_route=%2Fwp%2Fv2%2Fcomments&post=342428"}],"version-history":[{"count":1,"href":"https:\/\/archive.sana.sy\/es\/index.php?rest_route=\/wp\/v2\/posts\/342428\/revisions"}],"predecessor-version":[{"id":342430,"href":"https:\/\/archive.sana.sy\/es\/index.php?rest_route=\/wp\/v2\/posts\/342428\/revisions\/342430"}],"wp:featuredmedia":[{"embeddable":true,"href":"https:\/\/archive.sana.sy\/es\/index.php?rest_route=\/wp\/v2\/media\/342429"}],"wp:attachment":[{"href":"https:\/\/archive.sana.sy\/es\/index.php?rest_route=%2Fwp%2Fv2%2Fmedia&parent=342428"}],"wp:term":[{"taxonomy":"category","embeddable":true,"href":"https:\/\/archive.sana.sy\/es\/index.php?rest_route=%2Fwp%2Fv2%2Fcategories&post=342428"},{"taxonomy":"post_tag","embeddable":true,"href":"https:\/\/archive.sana.sy\/es\/index.php?rest_route=%2Fwp%2Fv2%2Ftags&post=342428"}],"curies":[{"name":"wp","href":"https:\/\/api.w.org\/{rel}","templated":true}]}}