{"id":342437,"date":"2024-11-10T18:01:44","date_gmt":"2024-11-10T15:01:44","guid":{"rendered":"https:\/\/sana.sy\/es\/?p=342437"},"modified":"2024-11-10T18:03:05","modified_gmt":"2024-11-10T15:03:05","slug":"cancilleres-de-siria-y-arabia-saudita-abordan-esfuerzos-encaminados-a-frenar-las-agresiones-israelies","status":"publish","type":"post","link":"https:\/\/archive.sana.sy\/es\/?p=342437","title":{"rendered":"Cancilleres de Siria y Arabia Saudita abordan esfuerzos encaminados a frenar las agresiones israel\u00edes"},"content":{"rendered":"<p style=\"text-align: justify;\"><span style=\"color: #800000;\"><strong>Riad, 10 nov (SANA)\u00a0<\/strong><\/span> El ministro sirio de Asuntos Exteriores y Expatriados, Bassam Sabbagh, se reuni\u00f3 hoy con su hom\u00f3logo saudita el pr\u00edncipe Faisal bin Farhan.<\/p>\n<p style=\"text-align: justify;\">La reuni\u00f3n tuvo lugar en el marco de la participaci\u00f3n de Siria en la reuni\u00f3n preparatoria para la cumbre conjunta \u00e1rabe-isl\u00e1mica que se celebrar\u00e1 en Riad, la capital saudita.<\/p>\n<p style=\"text-align: justify;\">Las dos partes abordaron los acontecimientos en la regi\u00f3n y los esfuerzos realizados para detener la agresi\u00f3n israel\u00ed contra Palestina y el L\u00edbano, as\u00ed como los repetidos ataques a territorio sirio.<\/p>\n<p style=\"text-align: justify;\">El jefe de la diplomacia siria expres\u00f3 su satisfacci\u00f3n por el desarrollo de las relaciones entre los dos pa\u00edses hermanos durante el per\u00edodo pasado, y su aspiraci\u00f3n de fortalecerlas a otras esferas.<\/p>\n<p style=\"text-align: justify;\">Los dos ministros acordaron continuar la comunicaci\u00f3n al respecto.<\/p>\n<p style=\"text-align: justify;\">rr\/fm<\/p>\n","protected":false},"excerpt":{"rendered":"<p>Riad, 10 nov (SANA)\u00a0 El ministro sirio de Asuntos Exteriores y Expatriados, Bassam Sabbagh, se reuni\u00f3 hoy con su hom\u00f3logo saudita el pr\u00edncipe Faisal bin Farhan. La reuni\u00f3n tuvo lugar en el marco de la participaci\u00f3n de Siria en la reuni\u00f3n preparatoria para la cumbre conjunta \u00e1rabe-isl\u00e1mica que se celebrar\u00e1 en Riad, la capital saudita. &hellip;<\/p>\n","protected":false},"author":31,"featured_media":342441,"comment_status":"closed","ping_status":"closed","sticky":false,"template":"","format":"standard","meta":{"footnotes":""},"categories":[597,467,583],"tags":[],"class_list":["post-342437","post","type-post","status-publish","format-standard","has-post-thumbnail","","category-cinta-de-noticias","category-siria-y-el-mundo","category-slide"],"_links":{"self":[{"href":"https:\/\/archive.sana.sy\/es\/index.php?rest_route=\/wp\/v2\/posts\/342437"}],"collection":[{"href":"https:\/\/archive.sana.sy\/es\/index.php?rest_route=\/wp\/v2\/posts"}],"about":[{"href":"https:\/\/archive.sana.sy\/es\/index.php?rest_route=\/wp\/v2\/types\/post"}],"author":[{"embeddable":true,"href":"https:\/\/archive.sana.sy\/es\/index.php?rest_route=\/wp\/v2\/users\/31"}],"replies":[{"embeddable":true,"href":"https:\/\/archive.sana.sy\/es\/index.php?rest_route=%2Fwp%2Fv2%2Fcomments&post=342437"}],"version-history":[{"count":1,"href":"https:\/\/archive.sana.sy\/es\/index.php?rest_route=\/wp\/v2\/posts\/342437\/revisions"}],"predecessor-version":[{"id":342440,"href":"https:\/\/archive.sana.sy\/es\/index.php?rest_route=\/wp\/v2\/posts\/342437\/revisions\/342440"}],"wp:featuredmedia":[{"embeddable":true,"href":"https:\/\/archive.sana.sy\/es\/index.php?rest_route=\/wp\/v2\/media\/342441"}],"wp:attachment":[{"href":"https:\/\/archive.sana.sy\/es\/index.php?rest_route=%2Fwp%2Fv2%2Fmedia&parent=342437"}],"wp:term":[{"taxonomy":"category","embeddable":true,"href":"https:\/\/archive.sana.sy\/es\/index.php?rest_route=%2Fwp%2Fv2%2Fcategories&post=342437"},{"taxonomy":"post_tag","embeddable":true,"href":"https:\/\/archive.sana.sy\/es\/index.php?rest_route=%2Fwp%2Fv2%2Ftags&post=342437"}],"curies":[{"name":"wp","href":"https:\/\/api.w.org\/{rel}","templated":true}]}}