{"id":342442,"date":"2024-11-10T19:49:22","date_gmt":"2024-11-10T16:49:22","guid":{"rendered":"https:\/\/sana.sy\/es\/?p=342442"},"modified":"2024-11-10T19:49:22","modified_gmt":"2024-11-10T16:49:22","slug":"siete-muertos-por-agresion-israeli-al-sur-de-damasco","status":"publish","type":"post","link":"https:\/\/archive.sana.sy\/es\/?p=342442","title":{"rendered":"Siete muertos por agresi\u00f3n israel\u00ed al sur de Damasco"},"content":{"rendered":"<p style=\"text-align: justify;\"><span style=\"color: #800000;\"><strong>Damasco, 10 nov (SANA)\u00a0<\/strong> <\/span>Siete personas murieron, entre ellos ni\u00f1os y mujeres, tras un ataque israel\u00ed contra la localidad de Sayyeda Zeinab, al sur de Damasco.<\/p>\n<p style=\"text-align: justify;\">\u201cAproximadamente a las 17:00 hora local de este domingo, el ocupante israel\u00ed perpetr\u00f3 una agresi\u00f3n a\u00e9rea con misiles desde la direcci\u00f3n del Gol\u00e1n sirio ocupado, contra un edificio residencial en la zona de Sayyeda Zeinab en Damasco-campo\u201d, inform\u00f3 una fuente militar a SANA.<\/p>\n<p style=\"text-align: justify;\">Agreg\u00f3 que la agresi\u00f3n caus\u00f3 la muerte de siete civiles y heridas a otros 20, as\u00ed como ocasion\u00f3 p\u00e9rdidas materiales en las propiedades privadas.<\/p>\n<p style=\"text-align: justify;\">rr<\/p>\n","protected":false},"excerpt":{"rendered":"<p>Damasco, 10 nov (SANA)\u00a0 Siete personas murieron, entre ellos ni\u00f1os y mujeres, tras un ataque israel\u00ed contra la localidad de Sayyeda Zeinab, al sur de Damasco. \u201cAproximadamente a las 17:00 hora local de este domingo, el ocupante israel\u00ed perpetr\u00f3 una agresi\u00f3n a\u00e9rea con misiles desde la direcci\u00f3n del Gol\u00e1n sirio ocupado, contra un edificio residencial &hellip;<\/p>\n","protected":false},"author":31,"featured_media":342443,"comment_status":"closed","ping_status":"closed","sticky":false,"template":"","format":"standard","meta":{"footnotes":""},"categories":[597,573,476,583],"tags":[],"class_list":["post-342442","post","type-post","status-publish","format-standard","has-post-thumbnail","","category-cinta-de-noticias","category-la-realidad-de-los-acontecimientos-en-siria","category-locales","category-slide"],"_links":{"self":[{"href":"https:\/\/archive.sana.sy\/es\/index.php?rest_route=\/wp\/v2\/posts\/342442"}],"collection":[{"href":"https:\/\/archive.sana.sy\/es\/index.php?rest_route=\/wp\/v2\/posts"}],"about":[{"href":"https:\/\/archive.sana.sy\/es\/index.php?rest_route=\/wp\/v2\/types\/post"}],"author":[{"embeddable":true,"href":"https:\/\/archive.sana.sy\/es\/index.php?rest_route=\/wp\/v2\/users\/31"}],"replies":[{"embeddable":true,"href":"https:\/\/archive.sana.sy\/es\/index.php?rest_route=%2Fwp%2Fv2%2Fcomments&post=342442"}],"version-history":[{"count":1,"href":"https:\/\/archive.sana.sy\/es\/index.php?rest_route=\/wp\/v2\/posts\/342442\/revisions"}],"predecessor-version":[{"id":342444,"href":"https:\/\/archive.sana.sy\/es\/index.php?rest_route=\/wp\/v2\/posts\/342442\/revisions\/342444"}],"wp:featuredmedia":[{"embeddable":true,"href":"https:\/\/archive.sana.sy\/es\/index.php?rest_route=\/wp\/v2\/media\/342443"}],"wp:attachment":[{"href":"https:\/\/archive.sana.sy\/es\/index.php?rest_route=%2Fwp%2Fv2%2Fmedia&parent=342442"}],"wp:term":[{"taxonomy":"category","embeddable":true,"href":"https:\/\/archive.sana.sy\/es\/index.php?rest_route=%2Fwp%2Fv2%2Fcategories&post=342442"},{"taxonomy":"post_tag","embeddable":true,"href":"https:\/\/archive.sana.sy\/es\/index.php?rest_route=%2Fwp%2Fv2%2Ftags&post=342442"}],"curies":[{"name":"wp","href":"https:\/\/api.w.org\/{rel}","templated":true}]}}