{"id":342446,"date":"2024-11-11T09:35:52","date_gmt":"2024-11-11T06:35:52","guid":{"rendered":"https:\/\/sana.sy\/es\/?p=342446"},"modified":"2024-11-11T09:36:30","modified_gmt":"2024-11-11T06:36:30","slug":"iran-condena-agresion-israeli-contra-edificio-residencial-al-sur-de-damasco","status":"publish","type":"post","link":"https:\/\/archive.sana.sy\/es\/?p=342446","title":{"rendered":"Ir\u00e1n condena agresi\u00f3n israel\u00ed contra edificio residencial al sur de Damasco"},"content":{"rendered":"<p style=\"text-align: justify;\"><span style=\"color: #800000;\"><strong>Teher\u00e1n, 11 nov (SANA)\u00a0<\/strong><\/span> El portavoz del Ministerio de Asuntos Exteriores de Ir\u00e1n, Esmail Baqai, conden\u00f3 en\u00e9rgicamente el reciente ataque a\u00e9reo perpetrado por el r\u00e9gimen israel\u00ed contra un edificio residencial en la localidad de Sayyeda Zeinab, al sur de la capital Damasco.<\/p>\n<p style=\"text-align: justify;\">En una declaraci\u00f3n, Baqai denunci\u00f3 los repetidos bombardeos del ej\u00e9rcito israel\u00ed contra Damasco que \u201cno son indisociables de sus masacres en Gaza y El L\u00edbano\u201d.<\/p>\n<p style=\"text-align: justify;\">Estas flagrantes agresiones son el resultado del apoyo incondicional prestado por Estados Unidos y algunos pa\u00edses europeos, enfatiz\u00f3 el vocero iran\u00ed.<\/p>\n<p style=\"text-align: justify;\">Deplor\u00f3 que las organizaciones internacionales competentes no hayan actuado contra el genocidio israel\u00ed en Palestina y El L\u00edbano, adem\u00e1s de las frecuentes ofensivas de Tel Aviv contra Siria.<\/p>\n<p style=\"text-align: justify;\">La tarde del domingo, al menos siete personas murieron, entre ellos ni\u00f1os y mujeres, y otros 20 fueron lesionados, tras un ataque israel\u00ed contra la localidad de Sayyeda Zeinab, al sur de Damasco, que ocasion\u00f3 tambi\u00e9n da\u00f1os materiales a propiedades privadas.<\/p>\n<p style=\"text-align: justify;\"><span style=\"color: #800000;\"><strong>ws\/fm<\/strong><\/span><\/p>\n<p style=\"text-align: justify;\">\n","protected":false},"excerpt":{"rendered":"<p>Teher\u00e1n, 11 nov (SANA)\u00a0 El portavoz del Ministerio de Asuntos Exteriores de Ir\u00e1n, Esmail Baqai, conden\u00f3 en\u00e9rgicamente el reciente ataque a\u00e9reo perpetrado por el r\u00e9gimen israel\u00ed contra un edificio residencial en la localidad de Sayyeda Zeinab, al sur de la capital Damasco. En una declaraci\u00f3n, Baqai denunci\u00f3 los repetidos bombardeos del ej\u00e9rcito israel\u00ed contra Damasco &hellip;<\/p>\n","protected":false},"author":35,"featured_media":342447,"comment_status":"closed","ping_status":"closed","sticky":false,"template":"","format":"standard","meta":{"footnotes":""},"categories":[597,456,16687,20724,467,7541],"tags":[],"class_list":["post-342446","post","type-post","status-publish","format-standard","has-post-thumbnail","","category-cinta-de-noticias","category-arabe-internacional-politica","category-internacionales","category-minuto-a-minuto","category-siria-y-el-mundo","category-ultimas-noticias"],"_links":{"self":[{"href":"https:\/\/archive.sana.sy\/es\/index.php?rest_route=\/wp\/v2\/posts\/342446"}],"collection":[{"href":"https:\/\/archive.sana.sy\/es\/index.php?rest_route=\/wp\/v2\/posts"}],"about":[{"href":"https:\/\/archive.sana.sy\/es\/index.php?rest_route=\/wp\/v2\/types\/post"}],"author":[{"embeddable":true,"href":"https:\/\/archive.sana.sy\/es\/index.php?rest_route=\/wp\/v2\/users\/35"}],"replies":[{"embeddable":true,"href":"https:\/\/archive.sana.sy\/es\/index.php?rest_route=%2Fwp%2Fv2%2Fcomments&post=342446"}],"version-history":[{"count":2,"href":"https:\/\/archive.sana.sy\/es\/index.php?rest_route=\/wp\/v2\/posts\/342446\/revisions"}],"predecessor-version":[{"id":342449,"href":"https:\/\/archive.sana.sy\/es\/index.php?rest_route=\/wp\/v2\/posts\/342446\/revisions\/342449"}],"wp:featuredmedia":[{"embeddable":true,"href":"https:\/\/archive.sana.sy\/es\/index.php?rest_route=\/wp\/v2\/media\/342447"}],"wp:attachment":[{"href":"https:\/\/archive.sana.sy\/es\/index.php?rest_route=%2Fwp%2Fv2%2Fmedia&parent=342446"}],"wp:term":[{"taxonomy":"category","embeddable":true,"href":"https:\/\/archive.sana.sy\/es\/index.php?rest_route=%2Fwp%2Fv2%2Fcategories&post=342446"},{"taxonomy":"post_tag","embeddable":true,"href":"https:\/\/archive.sana.sy\/es\/index.php?rest_route=%2Fwp%2Fv2%2Ftags&post=342446"}],"curies":[{"name":"wp","href":"https:\/\/api.w.org\/{rel}","templated":true}]}}