{"id":342459,"date":"2024-11-11T11:51:43","date_gmt":"2024-11-11T08:51:43","guid":{"rendered":"https:\/\/sana.sy\/es\/?p=342459"},"modified":"2024-11-11T12:47:10","modified_gmt":"2024-11-11T09:47:10","slug":"presidente-al-assad-participa-en-la-cumbre-conjunta-arabe-islamica-en-riad","status":"publish","type":"post","link":"https:\/\/archive.sana.sy\/es\/?p=342459","title":{"rendered":"Presidente Al-Assad participa en la cumbre conjunta \u00e1rabe-isl\u00e1mica en Riad"},"content":{"rendered":"<p style=\"text-align: justify;\"><span style=\"color: #800000;\"><strong>Riad, 11 nov (SANA)\u00a0<\/strong><\/span> El presidente Bashar Al-Assad, lleg\u00f3 hoy a Arabia Saudita para participar en la cumbre conjunta \u00e1rabe-isl\u00e1mica.<\/p>\n<p style=\"text-align: justify;\">En el evento, los l\u00edderes de los pa\u00edses \u00e1rabes e isl\u00e1micos debatir\u00e1n formas para detener la agresi\u00f3n israel\u00ed contra los territorios palestinos ocupados, el L\u00edbano y el territorio sirio.<\/p>\n<p style=\"text-align: justify;\">Tambi\u00e9n, buscan presionar a la comunidad internacional para que adopte medidas serias que garantizan un cese al genocidio y encontrar soluciones sostenibles que aseguren la estabilidad y la paz en la regi\u00f3n.<\/p>\n<p style=\"text-align: justify;\">La v\u00edspera, la reuni\u00f3n preparatoria de ministros de Asuntos Exteriores para la Cumbre Conjunta \u00c1rabo-isl\u00e1mica, concluy\u00f3 en Riad, donde se aprob\u00f3 la declaraci\u00f3n final que se emitir\u00e1 en la clausura del evento.<\/p>\n<div id='gallery-1' class='gallery galleryid-342459 gallery-columns-1 gallery-size-full'><figure class='gallery-item'>\n\t\t\t<div class='gallery-icon portrait'>\n\t\t\t\t<a href='https:\/\/archive.sana.sy\/es\/wp-content\/uploads\/2024\/11\/5.jpg'><img loading=\"lazy\" decoding=\"async\" width=\"660\" height=\"823\" src=\"https:\/\/archive.sana.sy\/es\/wp-content\/uploads\/2024\/11\/5.jpg\" class=\"attachment-full size-full\" alt=\"\" srcset=\"https:\/\/archive.sana.sy\/es\/wp-content\/uploads\/2024\/11\/5.jpg 660w, https:\/\/archive.sana.sy\/es\/wp-content\/uploads\/2024\/11\/5-241x300.jpg 241w, https:\/\/archive.sana.sy\/es\/wp-content\/uploads\/2024\/11\/5-120x150.jpg 120w\" sizes=\"(max-width: 660px) 100vw, 660px\" \/><\/a>\n\t\t\t<\/div><\/figure><figure class='gallery-item'>\n\t\t\t<div class='gallery-icon landscape'>\n\t\t\t\t<a href='https:\/\/archive.sana.sy\/es\/wp-content\/uploads\/2024\/11\/3.jpg'><img loading=\"lazy\" decoding=\"async\" width=\"660\" height=\"458\" src=\"https:\/\/archive.sana.sy\/es\/wp-content\/uploads\/2024\/11\/3.jpg\" class=\"attachment-full size-full\" alt=\"\" srcset=\"https:\/\/archive.sana.sy\/es\/wp-content\/uploads\/2024\/11\/3.jpg 660w, https:\/\/archive.sana.sy\/es\/wp-content\/uploads\/2024\/11\/3-300x208.jpg 300w, https:\/\/archive.sana.sy\/es\/wp-content\/uploads\/2024\/11\/3-150x104.jpg 150w, https:\/\/archive.sana.sy\/es\/wp-content\/uploads\/2024\/11\/3-110x75.jpg 110w\" sizes=\"(max-width: 660px) 100vw, 660px\" \/><\/a>\n\t\t\t<\/div><\/figure><figure class='gallery-item'>\n\t\t\t<div class='gallery-icon landscape'>\n\t\t\t\t<a href='https:\/\/archive.sana.sy\/es\/wp-content\/uploads\/2024\/11\/1.jpg'><img loading=\"lazy\" decoding=\"async\" width=\"660\" height=\"591\" src=\"https:\/\/archive.sana.sy\/es\/wp-content\/uploads\/2024\/11\/1.jpg\" class=\"attachment-full size-full\" alt=\"\" srcset=\"https:\/\/archive.sana.sy\/es\/wp-content\/uploads\/2024\/11\/1.jpg 660w, https:\/\/archive.sana.sy\/es\/wp-content\/uploads\/2024\/11\/1-300x269.jpg 300w, https:\/\/archive.sana.sy\/es\/wp-content\/uploads\/2024\/11\/1-150x134.jpg 150w\" sizes=\"(max-width: 660px) 100vw, 660px\" \/><\/a>\n\t\t\t<\/div><\/figure><figure class='gallery-item'>\n\t\t\t<div class='gallery-icon landscape'>\n\t\t\t\t<a href='https:\/\/archive.sana.sy\/es\/wp-content\/uploads\/2024\/11\/2.jpg'><img loading=\"lazy\" decoding=\"async\" width=\"660\" height=\"423\" src=\"https:\/\/archive.sana.sy\/es\/wp-content\/uploads\/2024\/11\/2.jpg\" class=\"attachment-full size-full\" alt=\"\" srcset=\"https:\/\/archive.sana.sy\/es\/wp-content\/uploads\/2024\/11\/2.jpg 660w, https:\/\/archive.sana.sy\/es\/wp-content\/uploads\/2024\/11\/2-300x192.jpg 300w, https:\/\/archive.sana.sy\/es\/wp-content\/uploads\/2024\/11\/2-150x96.jpg 150w\" sizes=\"(max-width: 660px) 100vw, 660px\" \/><\/a>\n\t\t\t<\/div><\/figure><figure class='gallery-item'>\n\t\t\t<div class='gallery-icon portrait'>\n\t\t\t\t<a href='https:\/\/archive.sana.sy\/es\/wp-content\/uploads\/2024\/11\/4.jpg'><img loading=\"lazy\" decoding=\"async\" width=\"660\" height=\"823\" src=\"https:\/\/archive.sana.sy\/es\/wp-content\/uploads\/2024\/11\/4.jpg\" class=\"attachment-full size-full\" alt=\"\" srcset=\"https:\/\/archive.sana.sy\/es\/wp-content\/uploads\/2024\/11\/4.jpg 660w, https:\/\/archive.sana.sy\/es\/wp-content\/uploads\/2024\/11\/4-241x300.jpg 241w, https:\/\/archive.sana.sy\/es\/wp-content\/uploads\/2024\/11\/4-120x150.jpg 120w\" sizes=\"(max-width: 660px) 100vw, 660px\" \/><\/a>\n\t\t\t<\/div><\/figure>\n\t\t<\/div>\n\n<p style=\"text-align: justify;\"><span style=\"color: #800000;\"><strong>fm\/ws<\/strong><\/span><\/p>\n","protected":false},"excerpt":{"rendered":"<p>Riad, 11 nov (SANA)\u00a0 El presidente Bashar Al-Assad, lleg\u00f3 hoy a Arabia Saudita para participar en la cumbre conjunta \u00e1rabe-isl\u00e1mica. En el evento, los l\u00edderes de los pa\u00edses \u00e1rabes e isl\u00e1micos debatir\u00e1n formas para detener la agresi\u00f3n israel\u00ed contra los territorios palestinos ocupados, el L\u00edbano y el territorio sirio. Tambi\u00e9n, buscan presionar a la comunidad &hellip;<\/p>\n","protected":false},"author":35,"featured_media":342460,"comment_status":"closed","ping_status":"closed","sticky":false,"template":"","format":"standard","meta":{"footnotes":""},"categories":[477,447,597,20724,467,583],"tags":[],"class_list":["post-342459","post","type-post","status-publish","format-standard","has-post-thumbnail","","category-noticias-edulcorantes","category-local-politica","category-cinta-de-noticias","category-minuto-a-minuto","category-siria-y-el-mundo","category-slide"],"_links":{"self":[{"href":"https:\/\/archive.sana.sy\/es\/index.php?rest_route=\/wp\/v2\/posts\/342459"}],"collection":[{"href":"https:\/\/archive.sana.sy\/es\/index.php?rest_route=\/wp\/v2\/posts"}],"about":[{"href":"https:\/\/archive.sana.sy\/es\/index.php?rest_route=\/wp\/v2\/types\/post"}],"author":[{"embeddable":true,"href":"https:\/\/archive.sana.sy\/es\/index.php?rest_route=\/wp\/v2\/users\/35"}],"replies":[{"embeddable":true,"href":"https:\/\/archive.sana.sy\/es\/index.php?rest_route=%2Fwp%2Fv2%2Fcomments&post=342459"}],"version-history":[{"count":3,"href":"https:\/\/archive.sana.sy\/es\/index.php?rest_route=\/wp\/v2\/posts\/342459\/revisions"}],"predecessor-version":[{"id":342477,"href":"https:\/\/archive.sana.sy\/es\/index.php?rest_route=\/wp\/v2\/posts\/342459\/revisions\/342477"}],"wp:featuredmedia":[{"embeddable":true,"href":"https:\/\/archive.sana.sy\/es\/index.php?rest_route=\/wp\/v2\/media\/342460"}],"wp:attachment":[{"href":"https:\/\/archive.sana.sy\/es\/index.php?rest_route=%2Fwp%2Fv2%2Fmedia&parent=342459"}],"wp:term":[{"taxonomy":"category","embeddable":true,"href":"https:\/\/archive.sana.sy\/es\/index.php?rest_route=%2Fwp%2Fv2%2Fcategories&post=342459"},{"taxonomy":"post_tag","embeddable":true,"href":"https:\/\/archive.sana.sy\/es\/index.php?rest_route=%2Fwp%2Fv2%2Ftags&post=342459"}],"curies":[{"name":"wp","href":"https:\/\/api.w.org\/{rel}","templated":true}]}}