{"id":342469,"date":"2024-11-11T12:38:17","date_gmt":"2024-11-11T09:38:17","guid":{"rendered":"https:\/\/sana.sy\/es\/?p=342469"},"modified":"2024-11-11T12:38:17","modified_gmt":"2024-11-11T09:38:17","slug":"inicia-reunion-de-astana-sobre-siria","status":"publish","type":"post","link":"https:\/\/archive.sana.sy\/es\/?p=342469","title":{"rendered":"Inicia Reuni\u00f3n de Astan\u00e1 sobre Siria"},"content":{"rendered":"<p style=\"text-align: justify;\"><strong><span style=\"color: #800000;\">Astan\u00e1 11 nov (SANA)<\/span><\/strong> La 22\u00aa Reuni\u00f3n Internacional sobre Siria inici\u00f3 hoy en Astan\u00e1, la capital kazaja.<\/p>\n<p style=\"text-align: justify;\">Adem\u00e1s de la delegaci\u00f3n siria, asisten a la cita que durar\u00e1 dos d\u00edas, delegaciones de los pa\u00edses garantes (Rusia, Turqu\u00eda e Ir\u00e1n), y representantes de las Naciones Unidas, Jordania, L\u00edbano e Iraq, como observadores.<\/p>\n<p style=\"text-align: justify;\">El Ministerio de Asuntos Exteriores de Kazajst\u00e1n anunci\u00f3 en un comunicado que durante el primer d\u00eda de la reuni\u00f3n se realizar\u00e1n consultas bilaterales y trilaterales entre las delegaciones, y que continuar\u00e1n al d\u00eda siguiente.<\/p>\n<p style=\"text-align: justify;\">Aclar\u00f3 que est\u00e1 previsto que se celebre una sesi\u00f3n amplia y una rueda de prensa final este martes.<\/p>\n<p style=\"text-align: justify;\">La agenda de la reuni\u00f3n incluye cuestiones relativas al desarrollo de la situaci\u00f3n regional en torno a Siria, los esfuerzos destinados a alcanzar una soluci\u00f3n integral y la situaci\u00f3n sobre el terreno en Siria.<\/p>\n<p style=\"text-align: justify;\">La reuni\u00f3n anterior de Astan\u00e1 se celebr\u00f3 los d\u00edas 24 y 25 de enero pasado, y su declaraci\u00f3n final hizo \u00e9nfasis en el respeto a la soberan\u00eda, unidad e integridad territorial de Siria.<\/p>\n<p style=\"text-align: justify;\">fm\/ed<\/p>\n","protected":false},"excerpt":{"rendered":"<p>Astan\u00e1 11 nov (SANA) La 22\u00aa Reuni\u00f3n Internacional sobre Siria inici\u00f3 hoy en Astan\u00e1, la capital kazaja. Adem\u00e1s de la delegaci\u00f3n siria, asisten a la cita que durar\u00e1 dos d\u00edas, delegaciones de los pa\u00edses garantes (Rusia, Turqu\u00eda e Ir\u00e1n), y representantes de las Naciones Unidas, Jordania, L\u00edbano e Iraq, como observadores. El Ministerio de Asuntos &hellip;<\/p>\n","protected":false},"author":32,"featured_media":342470,"comment_status":"closed","ping_status":"closed","sticky":false,"template":"","format":"standard","meta":{"footnotes":""},"categories":[597,20724,467,7541],"tags":[],"class_list":["post-342469","post","type-post","status-publish","format-standard","has-post-thumbnail","","category-cinta-de-noticias","category-minuto-a-minuto","category-siria-y-el-mundo","category-ultimas-noticias"],"_links":{"self":[{"href":"https:\/\/archive.sana.sy\/es\/index.php?rest_route=\/wp\/v2\/posts\/342469"}],"collection":[{"href":"https:\/\/archive.sana.sy\/es\/index.php?rest_route=\/wp\/v2\/posts"}],"about":[{"href":"https:\/\/archive.sana.sy\/es\/index.php?rest_route=\/wp\/v2\/types\/post"}],"author":[{"embeddable":true,"href":"https:\/\/archive.sana.sy\/es\/index.php?rest_route=\/wp\/v2\/users\/32"}],"replies":[{"embeddable":true,"href":"https:\/\/archive.sana.sy\/es\/index.php?rest_route=%2Fwp%2Fv2%2Fcomments&post=342469"}],"version-history":[{"count":1,"href":"https:\/\/archive.sana.sy\/es\/index.php?rest_route=\/wp\/v2\/posts\/342469\/revisions"}],"predecessor-version":[{"id":342471,"href":"https:\/\/archive.sana.sy\/es\/index.php?rest_route=\/wp\/v2\/posts\/342469\/revisions\/342471"}],"wp:featuredmedia":[{"embeddable":true,"href":"https:\/\/archive.sana.sy\/es\/index.php?rest_route=\/wp\/v2\/media\/342470"}],"wp:attachment":[{"href":"https:\/\/archive.sana.sy\/es\/index.php?rest_route=%2Fwp%2Fv2%2Fmedia&parent=342469"}],"wp:term":[{"taxonomy":"category","embeddable":true,"href":"https:\/\/archive.sana.sy\/es\/index.php?rest_route=%2Fwp%2Fv2%2Fcategories&post=342469"},{"taxonomy":"post_tag","embeddable":true,"href":"https:\/\/archive.sana.sy\/es\/index.php?rest_route=%2Fwp%2Fv2%2Ftags&post=342469"}],"curies":[{"name":"wp","href":"https:\/\/api.w.org\/{rel}","templated":true}]}}