{"id":342485,"date":"2024-11-11T14:32:05","date_gmt":"2024-11-11T11:32:05","guid":{"rendered":"https:\/\/sana.sy\/es\/?p=342485"},"modified":"2024-11-11T14:32:05","modified_gmt":"2024-11-11T11:32:05","slug":"siria-insta-al-mundo-libre-a-unir-esfuerzos-para-detener-crimenes-sionistas","status":"publish","type":"post","link":"https:\/\/archive.sana.sy\/es\/?p=342485","title":{"rendered":"Siria insta al mundo libre a unir esfuerzos para detener cr\u00edmenes sionistas"},"content":{"rendered":"<p style=\"text-align: justify;\"><span style=\"color: #800000;\"><strong>Damasco, 11 nov (SANA)<\/strong><\/span>\u00a0 El Gobierno de Siria conden\u00f3 hoy en los t\u00e9rminos m\u00e1s en\u00e9rgicos las agresiones israel\u00edes contra el territorio sirio, y llam\u00f3 a los pa\u00edses del mundo libre a unir sus esfuerzos para detener los cr\u00edmenes de guerra y el genocidio cometidos por \u201cIsrael\u201d contra los pa\u00edses y pueblos de la regi\u00f3n.<\/p>\n<p style=\"text-align: justify;\">En un comunicado, el Ministerio de Asuntos Exteriores y Expatriados afirm\u00f3 que \u201cla entidad sionista persiste en sus cr\u00edmenes brutales en la regi\u00f3n y confirma cada d\u00eda su desprecio hacia los valores humanos y el derecho internacional.<\/p>\n<p style=\"text-align: justify;\">Denunci\u00f3 que la v\u00edspera, el ocupante israel\u00ed atac\u00f3 un edificio residencial en la zona de Sayyeda Zainab, en la provincia de Damasco-campo, lo que caus\u00f3 la muerte y lesi\u00f3n de decenas de civiles, incluidos ni\u00f1os y mujeres, y provoc\u00f3 importantes da\u00f1os importantes en propiedades privadas.<\/p>\n<p style=\"text-align: justify;\">La Rep\u00fablica \u00c1rabe Siria condena en los t\u00e9rminos m\u00e1s en\u00e9rgicos estos ataques y afirma que no habr\u00edan ocurrido sin el apoyo de algunos pa\u00edses a esta entidad terrorista, indic\u00f3 el Ministerio.<\/p>\n<p style=\"text-align: justify;\">Llam\u00f3 a los pa\u00edses del mundo libre a unir sus esfuerzos para detener los cr\u00edmenes de guerra y el genocidio cometidos por la entidad sionista contra los pa\u00edses y pueblos de la regi\u00f3n.<\/p>\n<p style=\"text-align: justify;\">Hay que levantar la impunidad y garantizar que Israel rinda cuentas en todos los foros internacionales, concluy\u00f3 Canciller\u00eda su comunicado.<\/p>\n<p style=\"text-align: justify;\">fm\/ed<\/p>\n","protected":false},"excerpt":{"rendered":"<p>Damasco, 11 nov (SANA)\u00a0 El Gobierno de Siria conden\u00f3 hoy en los t\u00e9rminos m\u00e1s en\u00e9rgicos las agresiones israel\u00edes contra el territorio sirio, y llam\u00f3 a los pa\u00edses del mundo libre a unir sus esfuerzos para detener los cr\u00edmenes de guerra y el genocidio cometidos por \u201cIsrael\u201d contra los pa\u00edses y pueblos de la regi\u00f3n. En &hellip;<\/p>\n","protected":false},"author":32,"featured_media":342029,"comment_status":"closed","ping_status":"closed","sticky":false,"template":"","format":"standard","meta":{"footnotes":""},"categories":[597,20724,467,7541],"tags":[],"class_list":["post-342485","post","type-post","status-publish","format-standard","has-post-thumbnail","","category-cinta-de-noticias","category-minuto-a-minuto","category-siria-y-el-mundo","category-ultimas-noticias"],"_links":{"self":[{"href":"https:\/\/archive.sana.sy\/es\/index.php?rest_route=\/wp\/v2\/posts\/342485"}],"collection":[{"href":"https:\/\/archive.sana.sy\/es\/index.php?rest_route=\/wp\/v2\/posts"}],"about":[{"href":"https:\/\/archive.sana.sy\/es\/index.php?rest_route=\/wp\/v2\/types\/post"}],"author":[{"embeddable":true,"href":"https:\/\/archive.sana.sy\/es\/index.php?rest_route=\/wp\/v2\/users\/32"}],"replies":[{"embeddable":true,"href":"https:\/\/archive.sana.sy\/es\/index.php?rest_route=%2Fwp%2Fv2%2Fcomments&post=342485"}],"version-history":[{"count":1,"href":"https:\/\/archive.sana.sy\/es\/index.php?rest_route=\/wp\/v2\/posts\/342485\/revisions"}],"predecessor-version":[{"id":342486,"href":"https:\/\/archive.sana.sy\/es\/index.php?rest_route=\/wp\/v2\/posts\/342485\/revisions\/342486"}],"wp:featuredmedia":[{"embeddable":true,"href":"https:\/\/archive.sana.sy\/es\/index.php?rest_route=\/wp\/v2\/media\/342029"}],"wp:attachment":[{"href":"https:\/\/archive.sana.sy\/es\/index.php?rest_route=%2Fwp%2Fv2%2Fmedia&parent=342485"}],"wp:term":[{"taxonomy":"category","embeddable":true,"href":"https:\/\/archive.sana.sy\/es\/index.php?rest_route=%2Fwp%2Fv2%2Fcategories&post=342485"},{"taxonomy":"post_tag","embeddable":true,"href":"https:\/\/archive.sana.sy\/es\/index.php?rest_route=%2Fwp%2Fv2%2Ftags&post=342485"}],"curies":[{"name":"wp","href":"https:\/\/api.w.org\/{rel}","templated":true}]}}