{"id":342487,"date":"2024-11-11T14:42:02","date_gmt":"2024-11-11T11:42:02","guid":{"rendered":"https:\/\/sana.sy\/es\/?p=342487"},"modified":"2024-11-11T15:29:35","modified_gmt":"2024-11-11T12:29:35","slug":"presidente-sirio-y-primer-ministro-iraqui-repasan-relaciones-bilaterales","status":"publish","type":"post","link":"https:\/\/archive.sana.sy\/es\/?p=342487","title":{"rendered":"Presidente sirio y Primer Ministro iraqu\u00ed repasan relaciones bilaterales"},"content":{"rendered":"<p style=\"text-align: justify;\"><span style=\"color: #800000;\"><strong>Riad, 11 nov (SANA)<\/strong><\/span> El presidente sirio Bashar Al-Assad, sostuvo un encuentro con el primer ministro iraqu\u00ed, Muhammad Shiaa al-Sudani.<\/p>\n<p style=\"text-align: justify;\">El encuentro se produjo antes del inicio de la cumbre \u00e1rabe e isl\u00e1mica extraordinaria en Riad.<\/p>\n<p style=\"text-align: justify;\">Los dos dirigentes debatieron las relaciones bilaterales entre los dos pa\u00edses hermanos y la agenda de la cumbre.<\/p>\n<p style=\"text-align: justify;\">fm\/ed<\/p>\n","protected":false},"excerpt":{"rendered":"<p>Riad, 11 nov (SANA) El presidente sirio Bashar Al-Assad, sostuvo un encuentro con el primer ministro iraqu\u00ed, Muhammad Shiaa al-Sudani. El encuentro se produjo antes del inicio de la cumbre \u00e1rabe e isl\u00e1mica extraordinaria en Riad. Los dos dirigentes debatieron las relaciones bilaterales entre los dos pa\u00edses hermanos y la agenda de la cumbre. fm\/ed<\/p>\n","protected":false},"author":32,"featured_media":342488,"comment_status":"closed","ping_status":"closed","sticky":false,"template":"","format":"standard","meta":{"footnotes":""},"categories":[597,20724,467,583],"tags":[],"class_list":["post-342487","post","type-post","status-publish","format-standard","has-post-thumbnail","","category-cinta-de-noticias","category-minuto-a-minuto","category-siria-y-el-mundo","category-slide"],"_links":{"self":[{"href":"https:\/\/archive.sana.sy\/es\/index.php?rest_route=\/wp\/v2\/posts\/342487"}],"collection":[{"href":"https:\/\/archive.sana.sy\/es\/index.php?rest_route=\/wp\/v2\/posts"}],"about":[{"href":"https:\/\/archive.sana.sy\/es\/index.php?rest_route=\/wp\/v2\/types\/post"}],"author":[{"embeddable":true,"href":"https:\/\/archive.sana.sy\/es\/index.php?rest_route=\/wp\/v2\/users\/32"}],"replies":[{"embeddable":true,"href":"https:\/\/archive.sana.sy\/es\/index.php?rest_route=%2Fwp%2Fv2%2Fcomments&post=342487"}],"version-history":[{"count":1,"href":"https:\/\/archive.sana.sy\/es\/index.php?rest_route=\/wp\/v2\/posts\/342487\/revisions"}],"predecessor-version":[{"id":342489,"href":"https:\/\/archive.sana.sy\/es\/index.php?rest_route=\/wp\/v2\/posts\/342487\/revisions\/342489"}],"wp:featuredmedia":[{"embeddable":true,"href":"https:\/\/archive.sana.sy\/es\/index.php?rest_route=\/wp\/v2\/media\/342488"}],"wp:attachment":[{"href":"https:\/\/archive.sana.sy\/es\/index.php?rest_route=%2Fwp%2Fv2%2Fmedia&parent=342487"}],"wp:term":[{"taxonomy":"category","embeddable":true,"href":"https:\/\/archive.sana.sy\/es\/index.php?rest_route=%2Fwp%2Fv2%2Fcategories&post=342487"},{"taxonomy":"post_tag","embeddable":true,"href":"https:\/\/archive.sana.sy\/es\/index.php?rest_route=%2Fwp%2Fv2%2Ftags&post=342487"}],"curies":[{"name":"wp","href":"https:\/\/api.w.org\/{rel}","templated":true}]}}