{"id":342490,"date":"2024-11-11T14:56:18","date_gmt":"2024-11-11T11:56:18","guid":{"rendered":"https:\/\/sana.sy\/es\/?p=342490"},"modified":"2024-11-11T14:56:18","modified_gmt":"2024-11-11T11:56:18","slug":"protestan-en-damasco-contra-crimenes-israelies","status":"publish","type":"post","link":"https:\/\/archive.sana.sy\/es\/?p=342490","title":{"rendered":"Protestan en Damasco contra cr\u00edmenes israel\u00edes"},"content":{"rendered":"<p style=\"text-align: justify;\"><strong><span style=\"color: #800000;\">Damasco, 11 nov (SANA)<\/span><\/strong>\u00a0 La Organizaci\u00f3n de la Mujer Progresista Palestina convoc\u00f3 hoy a una sentada frente a la oficina de las Naciones Unidas en Damasco, en apoyo a los palestinos y libaneses que enfrentan la maquinaria de guerra israel\u00ed, y en condena a los cr\u00edmenes de Tel Aviv, particularmente contra ni\u00f1os y mujeres.<\/p>\n<p style=\"text-align: justify;\">En un comunicado entregado al Secretario General de la ONU, los presentes pidieron el cese de la agresi\u00f3n en la Franja de Gaza, Cisjordania y el L\u00edbano, la protecci\u00f3n de las mujeres y los ni\u00f1os, el acceso de la ayuda a la Franja y la liberaci\u00f3n de los prisioneros.<\/p>\n<p style=\"text-align: justify;\">Asimismo, exigieron el fin de todas las formas de tortura contra los prisioneros palestinos y presionar al ocupante israel\u00ed para que permita a la Cruz Roja Internacional comunicarse con los detenidos y conocer sus condiciones.<\/p>\n<p style=\"text-align: justify;\">Los participantes rechazaron las medidas ilegales de Israel contra la UNRWA y destacaron que forman parte de la brutal guerra genocida contra el pueblo palestino.<\/p>\n<p style=\"text-align: justify;\">ed\/fm<\/p>\n<div id='gallery-1' class='gallery galleryid-342490 gallery-columns-1 gallery-size-full'><figure class='gallery-item'>\n\t\t\t<div class='gallery-icon landscape'>\n\t\t\t\t<a href='https:\/\/archive.sana.sy\/es\/wp-content\/uploads\/2024\/11\/Protestan-en-Damasco-contra-crimenes-israelies.jpg'><img loading=\"lazy\" decoding=\"async\" width=\"660\" height=\"330\" src=\"https:\/\/archive.sana.sy\/es\/wp-content\/uploads\/2024\/11\/Protestan-en-Damasco-contra-crimenes-israelies.jpg\" class=\"attachment-full size-full\" alt=\"\" srcset=\"https:\/\/archive.sana.sy\/es\/wp-content\/uploads\/2024\/11\/Protestan-en-Damasco-contra-crimenes-israelies.jpg 660w, https:\/\/archive.sana.sy\/es\/wp-content\/uploads\/2024\/11\/Protestan-en-Damasco-contra-crimenes-israelies-300x150.jpg 300w, https:\/\/archive.sana.sy\/es\/wp-content\/uploads\/2024\/11\/Protestan-en-Damasco-contra-crimenes-israelies-150x75.jpg 150w\" sizes=\"(max-width: 660px) 100vw, 660px\" \/><\/a>\n\t\t\t<\/div><\/figure><figure class='gallery-item'>\n\t\t\t<div class='gallery-icon landscape'>\n\t\t\t\t<a href='https:\/\/archive.sana.sy\/es\/wp-content\/uploads\/2024\/11\/11.jpg'><img loading=\"lazy\" decoding=\"async\" width=\"660\" height=\"470\" src=\"https:\/\/archive.sana.sy\/es\/wp-content\/uploads\/2024\/11\/11.jpg\" class=\"attachment-full size-full\" alt=\"\" srcset=\"https:\/\/archive.sana.sy\/es\/wp-content\/uploads\/2024\/11\/11.jpg 660w, https:\/\/archive.sana.sy\/es\/wp-content\/uploads\/2024\/11\/11-300x214.jpg 300w, https:\/\/archive.sana.sy\/es\/wp-content\/uploads\/2024\/11\/11-150x107.jpg 150w\" sizes=\"(max-width: 660px) 100vw, 660px\" \/><\/a>\n\t\t\t<\/div><\/figure><figure class='gallery-item'>\n\t\t\t<div class='gallery-icon landscape'>\n\t\t\t\t<a href='https:\/\/archive.sana.sy\/es\/wp-content\/uploads\/2024\/11\/33.jpg'><img loading=\"lazy\" decoding=\"async\" width=\"660\" height=\"439\" src=\"https:\/\/archive.sana.sy\/es\/wp-content\/uploads\/2024\/11\/33.jpg\" class=\"attachment-full size-full\" alt=\"\" srcset=\"https:\/\/archive.sana.sy\/es\/wp-content\/uploads\/2024\/11\/33.jpg 660w, https:\/\/archive.sana.sy\/es\/wp-content\/uploads\/2024\/11\/33-300x200.jpg 300w, https:\/\/archive.sana.sy\/es\/wp-content\/uploads\/2024\/11\/33-150x100.jpg 150w, https:\/\/archive.sana.sy\/es\/wp-content\/uploads\/2024\/11\/33-310x205.jpg 310w\" sizes=\"(max-width: 660px) 100vw, 660px\" \/><\/a>\n\t\t\t<\/div><\/figure><figure class='gallery-item'>\n\t\t\t<div class='gallery-icon landscape'>\n\t\t\t\t<a href='https:\/\/archive.sana.sy\/es\/wp-content\/uploads\/2024\/11\/photo_2024-11-11_12-06-18.jpg'><img loading=\"lazy\" decoding=\"async\" width=\"660\" height=\"477\" src=\"https:\/\/archive.sana.sy\/es\/wp-content\/uploads\/2024\/11\/photo_2024-11-11_12-06-18.jpg\" class=\"attachment-full size-full\" alt=\"\" srcset=\"https:\/\/archive.sana.sy\/es\/wp-content\/uploads\/2024\/11\/photo_2024-11-11_12-06-18.jpg 660w, https:\/\/archive.sana.sy\/es\/wp-content\/uploads\/2024\/11\/photo_2024-11-11_12-06-18-300x217.jpg 300w, https:\/\/archive.sana.sy\/es\/wp-content\/uploads\/2024\/11\/photo_2024-11-11_12-06-18-150x108.jpg 150w\" sizes=\"(max-width: 660px) 100vw, 660px\" \/><\/a>\n\t\t\t<\/div><\/figure><figure class='gallery-item'>\n\t\t\t<div class='gallery-icon landscape'>\n\t\t\t\t<a href='https:\/\/archive.sana.sy\/es\/wp-content\/uploads\/2024\/11\/22.jpg'><img loading=\"lazy\" decoding=\"async\" width=\"660\" height=\"439\" src=\"https:\/\/archive.sana.sy\/es\/wp-content\/uploads\/2024\/11\/22.jpg\" class=\"attachment-full size-full\" alt=\"\" srcset=\"https:\/\/archive.sana.sy\/es\/wp-content\/uploads\/2024\/11\/22.jpg 660w, https:\/\/archive.sana.sy\/es\/wp-content\/uploads\/2024\/11\/22-300x200.jpg 300w, https:\/\/archive.sana.sy\/es\/wp-content\/uploads\/2024\/11\/22-150x100.jpg 150w, https:\/\/archive.sana.sy\/es\/wp-content\/uploads\/2024\/11\/22-310x205.jpg 310w\" sizes=\"(max-width: 660px) 100vw, 660px\" \/><\/a>\n\t\t\t<\/div><\/figure><figure class='gallery-item'>\n\t\t\t<div class='gallery-icon landscape'>\n\t\t\t\t<a href='https:\/\/archive.sana.sy\/es\/wp-content\/uploads\/2024\/11\/photo_2024-11-11_12-06-28.jpg'><img loading=\"lazy\" decoding=\"async\" width=\"660\" height=\"439\" src=\"https:\/\/archive.sana.sy\/es\/wp-content\/uploads\/2024\/11\/photo_2024-11-11_12-06-28.jpg\" class=\"attachment-full size-full\" alt=\"\" srcset=\"https:\/\/archive.sana.sy\/es\/wp-content\/uploads\/2024\/11\/photo_2024-11-11_12-06-28.jpg 660w, https:\/\/archive.sana.sy\/es\/wp-content\/uploads\/2024\/11\/photo_2024-11-11_12-06-28-300x200.jpg 300w, https:\/\/archive.sana.sy\/es\/wp-content\/uploads\/2024\/11\/photo_2024-11-11_12-06-28-150x100.jpg 150w, https:\/\/archive.sana.sy\/es\/wp-content\/uploads\/2024\/11\/photo_2024-11-11_12-06-28-310x205.jpg 310w\" sizes=\"(max-width: 660px) 100vw, 660px\" \/><\/a>\n\t\t\t<\/div><\/figure>\n\t\t<\/div>\n\n","protected":false},"excerpt":{"rendered":"<p>Damasco, 11 nov (SANA)\u00a0 La Organizaci\u00f3n de la Mujer Progresista Palestina convoc\u00f3 hoy a una sentada frente a la oficina de las Naciones Unidas en Damasco, en apoyo a los palestinos y libaneses que enfrentan la maquinaria de guerra israel\u00ed, y en condena a los cr\u00edmenes de Tel Aviv, particularmente contra ni\u00f1os y mujeres. En &hellip;<\/p>\n","protected":false},"author":32,"featured_media":342497,"comment_status":"closed","ping_status":"closed","sticky":false,"template":"","format":"standard","meta":{"footnotes":""},"categories":[477,597,20724,476,7541],"tags":[],"class_list":["post-342490","post","type-post","status-publish","format-standard","has-post-thumbnail","","category-noticias-edulcorantes","category-cinta-de-noticias","category-minuto-a-minuto","category-locales","category-ultimas-noticias"],"_links":{"self":[{"href":"https:\/\/archive.sana.sy\/es\/index.php?rest_route=\/wp\/v2\/posts\/342490"}],"collection":[{"href":"https:\/\/archive.sana.sy\/es\/index.php?rest_route=\/wp\/v2\/posts"}],"about":[{"href":"https:\/\/archive.sana.sy\/es\/index.php?rest_route=\/wp\/v2\/types\/post"}],"author":[{"embeddable":true,"href":"https:\/\/archive.sana.sy\/es\/index.php?rest_route=\/wp\/v2\/users\/32"}],"replies":[{"embeddable":true,"href":"https:\/\/archive.sana.sy\/es\/index.php?rest_route=%2Fwp%2Fv2%2Fcomments&post=342490"}],"version-history":[{"count":1,"href":"https:\/\/archive.sana.sy\/es\/index.php?rest_route=\/wp\/v2\/posts\/342490\/revisions"}],"predecessor-version":[{"id":342498,"href":"https:\/\/archive.sana.sy\/es\/index.php?rest_route=\/wp\/v2\/posts\/342490\/revisions\/342498"}],"wp:featuredmedia":[{"embeddable":true,"href":"https:\/\/archive.sana.sy\/es\/index.php?rest_route=\/wp\/v2\/media\/342497"}],"wp:attachment":[{"href":"https:\/\/archive.sana.sy\/es\/index.php?rest_route=%2Fwp%2Fv2%2Fmedia&parent=342490"}],"wp:term":[{"taxonomy":"category","embeddable":true,"href":"https:\/\/archive.sana.sy\/es\/index.php?rest_route=%2Fwp%2Fv2%2Fcategories&post=342490"},{"taxonomy":"post_tag","embeddable":true,"href":"https:\/\/archive.sana.sy\/es\/index.php?rest_route=%2Fwp%2Fv2%2Ftags&post=342490"}],"curies":[{"name":"wp","href":"https:\/\/api.w.org\/{rel}","templated":true}]}}