{"id":342499,"date":"2024-11-11T15:10:28","date_gmt":"2024-11-11T12:10:28","guid":{"rendered":"https:\/\/sana.sy\/es\/?p=342499"},"modified":"2024-11-11T15:10:28","modified_gmt":"2024-11-11T12:10:28","slug":"%f0%9f%92%ac%f0%9f%87%b8%f0%9f%87%a6-el-principe-heredero-y-primer-ministro-de-arabia-saudita-mohammed-bin-salman-pronuncio-unas-palabras-durante-la-apertura-de-la-cumbre-arabe-islamica-en-las-que-a","status":"publish","type":"post","link":"https:\/\/archive.sana.sy\/es\/?p=342499","title":{"rendered":"&#x1f4ac;&#x1f1f8;&#x1f1e6; El pr\u00edncipe heredero y primer ministro de Arabia Saudita, Mohammed bin Salman, pronunci\u00f3 unas palabras durante la apertura de la cumbre \u00e1rabe-isl\u00e1mica en las que afirm\u00f3 el apoyo a los pueblos liban\u00e9s y palestino ante las agresiones israel\u00edes e hizo un llamado a la comunidad internacional para que detenga estas agresiones ."},"content":{"rendered":"<p>&nbsp;<\/p>\n<p>&nbsp;<\/p>\n","protected":false},"excerpt":{"rendered":"<p>&nbsp; &nbsp;<\/p>\n","protected":false},"author":32,"featured_media":0,"comment_status":"closed","ping_status":"closed","sticky":false,"template":"","format":"standard","meta":{"footnotes":""},"categories":[20724],"tags":[],"class_list":["post-342499","post","type-post","status-publish","format-standard","","category-minuto-a-minuto"],"_links":{"self":[{"href":"https:\/\/archive.sana.sy\/es\/index.php?rest_route=\/wp\/v2\/posts\/342499"}],"collection":[{"href":"https:\/\/archive.sana.sy\/es\/index.php?rest_route=\/wp\/v2\/posts"}],"about":[{"href":"https:\/\/archive.sana.sy\/es\/index.php?rest_route=\/wp\/v2\/types\/post"}],"author":[{"embeddable":true,"href":"https:\/\/archive.sana.sy\/es\/index.php?rest_route=\/wp\/v2\/users\/32"}],"replies":[{"embeddable":true,"href":"https:\/\/archive.sana.sy\/es\/index.php?rest_route=%2Fwp%2Fv2%2Fcomments&post=342499"}],"version-history":[{"count":1,"href":"https:\/\/archive.sana.sy\/es\/index.php?rest_route=\/wp\/v2\/posts\/342499\/revisions"}],"predecessor-version":[{"id":342500,"href":"https:\/\/archive.sana.sy\/es\/index.php?rest_route=\/wp\/v2\/posts\/342499\/revisions\/342500"}],"wp:attachment":[{"href":"https:\/\/archive.sana.sy\/es\/index.php?rest_route=%2Fwp%2Fv2%2Fmedia&parent=342499"}],"wp:term":[{"taxonomy":"category","embeddable":true,"href":"https:\/\/archive.sana.sy\/es\/index.php?rest_route=%2Fwp%2Fv2%2Fcategories&post=342499"},{"taxonomy":"post_tag","embeddable":true,"href":"https:\/\/archive.sana.sy\/es\/index.php?rest_route=%2Fwp%2Fv2%2Ftags&post=342499"}],"curies":[{"name":"wp","href":"https:\/\/api.w.org\/{rel}","templated":true}]}}