{"id":342501,"date":"2024-11-11T15:30:26","date_gmt":"2024-11-11T12:30:26","guid":{"rendered":"https:\/\/sana.sy\/es\/?p=342501"},"modified":"2024-11-11T15:34:32","modified_gmt":"2024-11-11T12:34:32","slug":"fuerte-condena-a-israel-en-cumbre-extraordinaria-arabe-islamica-en-riad","status":"publish","type":"post","link":"https:\/\/archive.sana.sy\/es\/?p=342501","title":{"rendered":"Fuerte condena a \u201cIsrael\u201d en cumbre extraordinaria \u00e1rabe-isl\u00e1mica en Riad"},"content":{"rendered":"<p style=\"text-align: justify;\"><span style=\"color: #800000;\">Riad, 11 nov (SANA)<\/span> Con la participaci\u00f3n del presidente sirio Bashar Al-Assad, inici\u00f3 hoy la cumbre extraordinaria \u00e1rabe-isl\u00e1mica dedicada a analizar las repercusiones de la continua agresi\u00f3n israel\u00ed contra los territorios palestinos y el L\u00edbano.<\/p>\n<p style=\"text-align: justify;\"><a href=\"http:\/\/sana.sy\/es\/wp-content\/uploads\/2024\/11\/jorda.jpg\"><img loading=\"lazy\" decoding=\"async\" class=\" wp-image-342503 alignleft\" src=\"http:\/\/sana.sy\/es\/wp-content\/uploads\/2024\/11\/jorda.jpg\" alt=\"\" width=\"295\" height=\"162\" srcset=\"https:\/\/archive.sana.sy\/es\/wp-content\/uploads\/2024\/11\/jorda.jpg 660w, https:\/\/archive.sana.sy\/es\/wp-content\/uploads\/2024\/11\/jorda-300x165.jpg 300w, https:\/\/archive.sana.sy\/es\/wp-content\/uploads\/2024\/11\/jorda-150x82.jpg 150w\" sizes=\"(max-width: 295px) 100vw, 295px\" \/><\/a>El pr\u00edncipe heredero y primer ministro de Arabia Saudita, Mohammed bin Salman, pronunci\u00f3 unas palabras durante la apertura de la cumbre en las que afirm\u00f3 el apoyo a los pueblos liban\u00e9s y palestino ante las agresiones israel\u00edes e hizo un llamado a la comunidad internacional para que detenga estas agresiones.<\/p>\n<p style=\"text-align: justify;\">Destac\u00f3 la necesidad de establecer un Estado palestino y la necesidad de preservar la soberan\u00eda del L\u00edbano.<\/p>\n<p style=\"text-align: justify;\">A su vez, el secretario general de la Liga de Estados \u00c1rabes, Ahmed Aboul Gheit, dijo que el ocupante israel\u00ed quiere eliminar al pueblo palestino en Gaza, desplazar por la fuerza a quienes quedan de \u00e9l y acabar con la esperanza palestina de un Estado independiente.<\/p>\n<p style=\"text-align: justify;\">Le decimos que nunca lograr\u00e1 esto, afirm\u00f3 Aboul Gheit, y agreg\u00f3 que la cumbre transmite un mensaje de que el mundo no puede soportar las consecuencias de darle la espalda a esta matanza en curso.<\/p>\n<p style=\"text-align: justify;\"><a href=\"http:\/\/sana.sy\/es\/wp-content\/uploads\/2024\/11\/Ma.jpg\"><img loading=\"lazy\" decoding=\"async\" class=\" wp-image-342504 alignleft\" src=\"http:\/\/sana.sy\/es\/wp-content\/uploads\/2024\/11\/Ma.jpg\" alt=\"\" width=\"328\" height=\"199\" srcset=\"https:\/\/archive.sana.sy\/es\/wp-content\/uploads\/2024\/11\/Ma.jpg 660w, https:\/\/archive.sana.sy\/es\/wp-content\/uploads\/2024\/11\/Ma-300x182.jpg 300w, https:\/\/archive.sana.sy\/es\/wp-content\/uploads\/2024\/11\/Ma-150x91.jpg 150w\" sizes=\"(max-width: 328px) 100vw, 328px\" \/><\/a>A su vez, el presidente palestino Mahmoud Abbas dijo que la membres\u00eda de \u201cIsrael\u201d en las Naciones Unidas debe ser suspendida a menos que se adhiera al derecho internacional y ponga fin a sus cr\u00edmenes contra el pueblo palestino<br \/>\nEl deber \u00e1rabe, isl\u00e1mico y humanitario requiere que mostremos los m\u00e1s altos niveles de solidaridad y cooperaci\u00f3n para implementar la resoluci\u00f3n del Consejo de Seguridad y detener la agresi\u00f3n del ocupante y garantizar que se retire de la Franja de Gaza, afirm\u00f3 Abbas.<\/p>\n<p style=\"text-align: justify;\">En su discurso, el presidente egipcio Abdel Fattah El-Sisi, consider\u00f3 que el futuro de la regi\u00f3n y del mundo se encuentra en una encrucijada, y la inaceptable agresi\u00f3n israel\u00ed que est\u00e1 teniendo lugar en los territorios palestinos y libaneses pone a prueba el orden internacional.<\/p>\n<p style=\"text-align: justify;\">Al-Sisi conden\u00f3 y rechaz\u00f3 todos los planes israel\u00edes encaminados a liquidar la causa palestina, especialmente el desplazamiento del pueblo palestino.<\/p>\n<p style=\"text-align: justify;\">El presidente turco, Recep Tayyip Erdogan dijo que es importante continuar los esfuerzos para tomar medidas contra los perpetradores del genocidio en Palestina, y los pa\u00edses isl\u00e1micos deben tomar medidas efectivas contra &#8220;Israel&#8221; con la necesidad de imponerle un embargo de armas, cortando las relaciones econ\u00f3micas y aislarlo internacionalmente a menos que ponga fin a su agresi\u00f3n.<\/p>\n<p style=\"text-align: justify;\">Mientras el primer ministro liban\u00e9s Najib Mikati dijo que \u201cIsrael\u201d est\u00e1 agrediendo al L\u00edbano y est\u00e1 sembrado muerte y destrucci\u00f3n en una flagrante violaci\u00f3n del derecho internacional.<\/p>\n<p style=\"text-align: justify;\">\u201cEl L\u00edbano est\u00e1 atravesando una crisis hist\u00f3rica fat\u00eddica y sin precedentes y enfrenta a una flagrante agresi\u00f3n israel\u00ed que se suma a una serie de desaf\u00edos y crisis acumulados, y no tiene sentido permitir que \u201cIsrael\u201d contin\u00fae su agresi\u00f3n sin rendici\u00f3n de cuentas\u201d, afirm\u00f3 el alto funcionario liban\u00e9s.<\/p>\n<p style=\"text-align: justify;\">Agreg\u00f3 que la agresi\u00f3n israel\u00ed caus\u00f3 enormes p\u00e9rdidas humanas y el n\u00famero de v\u00edctimas super\u00f3 hasta ahora los m\u00e1s de 3.200 muertos, entre ellos m\u00e1s de 750 ni\u00f1os y mujeres, adem\u00e1s de miles de heridos.<\/p>\n<p style=\"text-align: justify;\">Hizo un llamado a apoyar el Estado liban\u00e9s para afrontar los efectos de la agresi\u00f3n y seguir enviando ayuda humanitaria urgente.<\/p>\n<p style=\"text-align: justify;\">fm\/ed<\/p>\n","protected":false},"excerpt":{"rendered":"<p>Riad, 11 nov (SANA) Con la participaci\u00f3n del presidente sirio Bashar Al-Assad, inici\u00f3 hoy la cumbre extraordinaria \u00e1rabe-isl\u00e1mica dedicada a analizar las repercusiones de la continua agresi\u00f3n israel\u00ed contra los territorios palestinos y el L\u00edbano. El pr\u00edncipe heredero y primer ministro de Arabia Saudita, Mohammed bin Salman, pronunci\u00f3 unas palabras durante la apertura de la &hellip;<\/p>\n","protected":false},"author":32,"featured_media":342502,"comment_status":"closed","ping_status":"closed","sticky":false,"template":"","format":"standard","meta":{"footnotes":""},"categories":[597,20724,467,583],"tags":[],"class_list":["post-342501","post","type-post","status-publish","format-standard","has-post-thumbnail","","category-cinta-de-noticias","category-minuto-a-minuto","category-siria-y-el-mundo","category-slide"],"_links":{"self":[{"href":"https:\/\/archive.sana.sy\/es\/index.php?rest_route=\/wp\/v2\/posts\/342501"}],"collection":[{"href":"https:\/\/archive.sana.sy\/es\/index.php?rest_route=\/wp\/v2\/posts"}],"about":[{"href":"https:\/\/archive.sana.sy\/es\/index.php?rest_route=\/wp\/v2\/types\/post"}],"author":[{"embeddable":true,"href":"https:\/\/archive.sana.sy\/es\/index.php?rest_route=\/wp\/v2\/users\/32"}],"replies":[{"embeddable":true,"href":"https:\/\/archive.sana.sy\/es\/index.php?rest_route=%2Fwp%2Fv2%2Fcomments&post=342501"}],"version-history":[{"count":3,"href":"https:\/\/archive.sana.sy\/es\/index.php?rest_route=\/wp\/v2\/posts\/342501\/revisions"}],"predecessor-version":[{"id":342507,"href":"https:\/\/archive.sana.sy\/es\/index.php?rest_route=\/wp\/v2\/posts\/342501\/revisions\/342507"}],"wp:featuredmedia":[{"embeddable":true,"href":"https:\/\/archive.sana.sy\/es\/index.php?rest_route=\/wp\/v2\/media\/342502"}],"wp:attachment":[{"href":"https:\/\/archive.sana.sy\/es\/index.php?rest_route=%2Fwp%2Fv2%2Fmedia&parent=342501"}],"wp:term":[{"taxonomy":"category","embeddable":true,"href":"https:\/\/archive.sana.sy\/es\/index.php?rest_route=%2Fwp%2Fv2%2Fcategories&post=342501"},{"taxonomy":"post_tag","embeddable":true,"href":"https:\/\/archive.sana.sy\/es\/index.php?rest_route=%2Fwp%2Fv2%2Ftags&post=342501"}],"curies":[{"name":"wp","href":"https:\/\/api.w.org\/{rel}","templated":true}]}}