{"id":342508,"date":"2024-11-11T16:15:29","date_gmt":"2024-11-11T13:15:29","guid":{"rendered":"https:\/\/sana.sy\/es\/?p=342508"},"modified":"2024-11-11T19:30:57","modified_gmt":"2024-11-11T16:30:57","slug":"al-assad-la-prioridad-ahora-es-para-detener-las-masacres-el-genocidio-y-la-limpieza-etnica","status":"publish","type":"post","link":"https:\/\/archive.sana.sy\/es\/?p=342508","title":{"rendered":"Al-Assad: La prioridad ahora es para detener las masacres, el genocidio y la limpieza \u00e9tnica"},"content":{"rendered":"<blockquote>\n<p style=\"text-align: justify;\"><span style=\"color: #993300;\">Ofrecemos paz pero cosechamos sangre, y cambiar los resultados requiere cambiar los mecanismos y las herramientas, aclar\u00f3 el Gobernante.<\/span><\/p>\n<\/blockquote>\n<p style=\"text-align: justify;\"><span style=\"color: #800000;\"><strong>Riad, 11 nov (SANA)\u00a0 <\/strong><\/span>El presidente Bashar Al-Assad, inst\u00f3 hoy a tomar medidas pr\u00e1cticas que logren frenar las agresiones y los cr\u00edmenes cometidos por Israel en la regi\u00f3n.<\/p>\n<p style=\"text-align: justify;\"><img loading=\"lazy\" decoding=\"async\" class=\"size-medium wp-image-342533 alignright\" src=\"http:\/\/sana.sy\/es\/wp-content\/uploads\/2024\/11\/\u0627\u0644\u0631\u0626\u064a\u0633-\u0627\u0644\u0623\u0633\u062f-1-1-300x168.jpg\" alt=\"\" width=\"300\" height=\"168\" srcset=\"https:\/\/archive.sana.sy\/es\/wp-content\/uploads\/2024\/11\/\u0627\u0644\u0631\u0626\u064a\u0633-\u0627\u0644\u0623\u0633\u062f-1-1-300x168.jpg 300w, https:\/\/archive.sana.sy\/es\/wp-content\/uploads\/2024\/11\/\u0627\u0644\u0631\u0626\u064a\u0633-\u0627\u0644\u0623\u0633\u062f-1-1-150x84.jpg 150w, https:\/\/archive.sana.sy\/es\/wp-content\/uploads\/2024\/11\/\u0627\u0644\u0631\u0626\u064a\u0633-\u0627\u0644\u0623\u0633\u062f-1-1.jpg 660w\" sizes=\"(max-width: 300px) 100vw, 300px\" \/>El a\u00f1o pasado, nos reunimos de la misma forma y enfatizamos la necesidad de detener la guerra y el resultado fue la continuaci\u00f3n de la agresi\u00f3n y m\u00e1s muertos y desplazados en Palestina y el L\u00edbano, denunci\u00f3 Al-Assad en su discurso pronunciado ante la Cumbre \u00c1rabe-Isl\u00e1mica celebrada en esta capital.<\/p>\n<p style=\"text-align: justify;\">Ofrecemos paz pero cosechamos sangre, y cambiar los resultados requiere cambiar los mecanismos y las herramientas, aclar\u00f3 el Gobernante.<\/p>\n<p style=\"text-align: justify;\"><img loading=\"lazy\" decoding=\"async\" class=\"size-medium wp-image-342534 alignright\" src=\"http:\/\/sana.sy\/es\/wp-content\/uploads\/2024\/11\/987-2-300x151.jpg\" alt=\"\" width=\"300\" height=\"151\" srcset=\"https:\/\/archive.sana.sy\/es\/wp-content\/uploads\/2024\/11\/987-2-300x151.jpg 300w, https:\/\/archive.sana.sy\/es\/wp-content\/uploads\/2024\/11\/987-2-150x75.jpg 150w, https:\/\/archive.sana.sy\/es\/wp-content\/uploads\/2024\/11\/987-2.jpg 660w\" sizes=\"(max-width: 300px) 100vw, 300px\" \/>Llam\u00f3 a determinar las opciones y aplicarlas, que seg\u00fan \u00e9l son: condenamos, boicoteamos o apelamos y apostamos por la comunidad internacional.<\/p>\n<p style=\"text-align: justify;\">Asimismo, reafirm\u00f3 el apoyo a los derechos hist\u00f3ricos e inalienables de los palestinos y la legitimidad de la resistencia tanto en Palestina como en el L\u00edbano.<\/p>\n<p style=\"text-align: justify;\">No hace falta hablar muchos de los cr\u00edmenes de los sionistas ni de la complicidad de Occidente en estas atrocidades porque el mundo ahora conoce estos hechos, puntualiz\u00f3.<\/p>\n<p style=\"text-align: justify;\">La prioridad ahora es para detener las masacres, el genocidio y la limpieza \u00e9tnica, y hay que cambiar los m\u00e9todos y poner plan ejecutivo para lograrlo, concluy\u00f3 el presidente su discurso.<\/p>\n<p style=\"text-align: justify;\">fm\/ahs<\/p>\n","protected":false},"excerpt":{"rendered":"<p>Ofrecemos paz pero cosechamos sangre, y cambiar los resultados requiere cambiar los mecanismos y las herramientas, aclar\u00f3 el Gobernante. Riad, 11 nov (SANA)\u00a0 El presidente Bashar Al-Assad, inst\u00f3 hoy a tomar medidas pr\u00e1cticas que logren frenar las agresiones y los cr\u00edmenes cometidos por Israel en la regi\u00f3n. El a\u00f1o pasado, nos reunimos de la misma &hellip;<\/p>\n","protected":false},"author":32,"featured_media":342531,"comment_status":"closed","ping_status":"closed","sticky":false,"template":"","format":"standard","meta":{"footnotes":""},"categories":[597,20724,467,583],"tags":[],"class_list":["post-342508","post","type-post","status-publish","format-standard","has-post-thumbnail","","category-cinta-de-noticias","category-minuto-a-minuto","category-siria-y-el-mundo","category-slide"],"_links":{"self":[{"href":"https:\/\/archive.sana.sy\/es\/index.php?rest_route=\/wp\/v2\/posts\/342508"}],"collection":[{"href":"https:\/\/archive.sana.sy\/es\/index.php?rest_route=\/wp\/v2\/posts"}],"about":[{"href":"https:\/\/archive.sana.sy\/es\/index.php?rest_route=\/wp\/v2\/types\/post"}],"author":[{"embeddable":true,"href":"https:\/\/archive.sana.sy\/es\/index.php?rest_route=\/wp\/v2\/users\/32"}],"replies":[{"embeddable":true,"href":"https:\/\/archive.sana.sy\/es\/index.php?rest_route=%2Fwp%2Fv2%2Fcomments&post=342508"}],"version-history":[{"count":6,"href":"https:\/\/archive.sana.sy\/es\/index.php?rest_route=\/wp\/v2\/posts\/342508\/revisions"}],"predecessor-version":[{"id":342535,"href":"https:\/\/archive.sana.sy\/es\/index.php?rest_route=\/wp\/v2\/posts\/342508\/revisions\/342535"}],"wp:featuredmedia":[{"embeddable":true,"href":"https:\/\/archive.sana.sy\/es\/index.php?rest_route=\/wp\/v2\/media\/342531"}],"wp:attachment":[{"href":"https:\/\/archive.sana.sy\/es\/index.php?rest_route=%2Fwp%2Fv2%2Fmedia&parent=342508"}],"wp:term":[{"taxonomy":"category","embeddable":true,"href":"https:\/\/archive.sana.sy\/es\/index.php?rest_route=%2Fwp%2Fv2%2Fcategories&post=342508"},{"taxonomy":"post_tag","embeddable":true,"href":"https:\/\/archive.sana.sy\/es\/index.php?rest_route=%2Fwp%2Fv2%2Ftags&post=342508"}],"curies":[{"name":"wp","href":"https:\/\/api.w.org\/{rel}","templated":true}]}}