{"id":342520,"date":"2024-11-11T17:55:13","date_gmt":"2024-11-11T14:55:13","guid":{"rendered":"https:\/\/sana.sy\/es\/?p=342520"},"modified":"2024-11-11T17:55:13","modified_gmt":"2024-11-11T14:55:13","slug":"al-assad-y-mohammed-bin-salman-sostienen-reunion-bilateral-en-riad","status":"publish","type":"post","link":"https:\/\/archive.sana.sy\/es\/?p=342520","title":{"rendered":"Al-Assad y Mohammed Bin Salman sostienen reuni\u00f3n bilateral en Riad"},"content":{"rendered":"<blockquote>\n<p style=\"text-align: justify;\"><span style=\"color: #993300;\">Los dos dirigentes destacaron el car\u00e1cter central de la causa palestina y alertaron del peligro de ampliar el alcance de la agresi\u00f3n contra otros pa\u00edses de la regi\u00f3n.<\/span><\/p>\n<\/blockquote>\n<p style=\"text-align: justify;\"><span style=\"color: #800000;\"><strong>Riad, 11 nov (SANA)<\/strong><\/span> El presidente sirio Bashar Al-Assad, repas\u00f3 con el pr\u00edncipe heredero saudita Mohammed bin Salman, la importancia de implementar los resultados de la cumbre \u00e1rabe-isl\u00e1mica extraordinaria, que se celebra en medio de una peligrosa escalada israel\u00ed contra algunos pa\u00edses de la regi\u00f3n.<br \/>\nLos dos dirigentes destacaron el car\u00e1cter central de la causa palestina y alertaron del peligro de ampliar el alcance de la agresi\u00f3n contra otros pa\u00edses de la regi\u00f3n.<br \/>\nTambi\u00e9n, abordaron las relaciones bilaterales entre los dos pa\u00edses hermanos y las formas de mejorarlas en beneficio de sus intereses comunes.<\/p>\n<p>fm\/ahs<\/p>\n","protected":false},"excerpt":{"rendered":"<p>Los dos dirigentes destacaron el car\u00e1cter central de la causa palestina y alertaron del peligro de ampliar el alcance de la agresi\u00f3n contra otros pa\u00edses de la regi\u00f3n. Riad, 11 nov (SANA) El presidente sirio Bashar Al-Assad, repas\u00f3 con el pr\u00edncipe heredero saudita Mohammed bin Salman, la importancia de implementar los resultados de la cumbre &hellip;<\/p>\n","protected":false},"author":43,"featured_media":342521,"comment_status":"closed","ping_status":"closed","sticky":false,"template":"","format":"standard","meta":{"footnotes":""},"categories":[597,20724,476,467,583],"tags":[],"class_list":["post-342520","post","type-post","status-publish","format-standard","has-post-thumbnail","","category-cinta-de-noticias","category-minuto-a-minuto","category-locales","category-siria-y-el-mundo","category-slide"],"_links":{"self":[{"href":"https:\/\/archive.sana.sy\/es\/index.php?rest_route=\/wp\/v2\/posts\/342520"}],"collection":[{"href":"https:\/\/archive.sana.sy\/es\/index.php?rest_route=\/wp\/v2\/posts"}],"about":[{"href":"https:\/\/archive.sana.sy\/es\/index.php?rest_route=\/wp\/v2\/types\/post"}],"author":[{"embeddable":true,"href":"https:\/\/archive.sana.sy\/es\/index.php?rest_route=\/wp\/v2\/users\/43"}],"replies":[{"embeddable":true,"href":"https:\/\/archive.sana.sy\/es\/index.php?rest_route=%2Fwp%2Fv2%2Fcomments&post=342520"}],"version-history":[{"count":1,"href":"https:\/\/archive.sana.sy\/es\/index.php?rest_route=\/wp\/v2\/posts\/342520\/revisions"}],"predecessor-version":[{"id":342522,"href":"https:\/\/archive.sana.sy\/es\/index.php?rest_route=\/wp\/v2\/posts\/342520\/revisions\/342522"}],"wp:featuredmedia":[{"embeddable":true,"href":"https:\/\/archive.sana.sy\/es\/index.php?rest_route=\/wp\/v2\/media\/342521"}],"wp:attachment":[{"href":"https:\/\/archive.sana.sy\/es\/index.php?rest_route=%2Fwp%2Fv2%2Fmedia&parent=342520"}],"wp:term":[{"taxonomy":"category","embeddable":true,"href":"https:\/\/archive.sana.sy\/es\/index.php?rest_route=%2Fwp%2Fv2%2Fcategories&post=342520"},{"taxonomy":"post_tag","embeddable":true,"href":"https:\/\/archive.sana.sy\/es\/index.php?rest_route=%2Fwp%2Fv2%2Ftags&post=342520"}],"curies":[{"name":"wp","href":"https:\/\/api.w.org\/{rel}","templated":true}]}}